{"id":37447,"date":"2013-09-25T08:05:13","date_gmt":"2013-09-25T06:05:13","guid":{"rendered":"http:\/\/www.vackerunderbar.se\/?p=37447"},"modified":"2014-06-03T18:10:18","modified_gmt":"2014-06-03T16:10:18","slug":"gron-onsdag-zoya-mitzi","status":"publish","type":"post","link":"http:\/\/vackerunderbar.se\/?p=37447","title":{"rendered":"Gr\u00f6n Onsdag: Zoya &#8211; Mitzi"},"content":{"rendered":"<p><a href=\"http:\/\/www.vackerunderbar.se\/wp-content\/uploads\/2013\/09\/zoya-mitzi-9.jpg\"><img loading=\"lazy\" decoding=\"async\" alt=\"zoya-mitzi-9\" src=\"http:\/\/www.vackerunderbar.se\/wp-content\/uploads\/2013\/09\/zoya-mitzi-9-690x459.jpg\" width=\"690\" height=\"459\" \/><\/a><\/p>\n<p>Tjoho, det \u00e4r onsdag och du \u00e4r h\u00e4rmed varmt v\u00e4lkomnad till denna veckas upplaga av <strong>Gr\u00f6n Onsdag<\/strong>! Jag hoppas verkligen att du \u00e4r med idag? L\u00e4mna bara en kommentar till detta inl\u00e4gg s\u00e5 jag vet att du deltar, oavsett om du \u00e4r det via din egen blogg p\u00e5 twitter eller instagram. F\u00f6rs\u00f6k anm\u00e4la dig f\u00f6re 21, s\u00e5 du hinner med i kollaget!<\/p>\n<table width=\"190\" align=\"left\" style=\"border:1 solid #fff; margin-right:20px;\">\n<tr>\n<td><b>Vad tycker du om detta lack? R\u00f6sta h\u00e4r!<\/b><br \/>[rate]<\/td>\n<\/tr>\n<\/table>\n<p>Idag vill jag visa er ett lack som<a href=\"http:\/\/www.vackerunderbar.se\/?p=26909\"> jag faktiskt redan visat<\/a>. Illgr\u00f6na <strong>Zoya Mitzi<\/strong>, som ingick i Mod Matte-kollektionen som kom f\u00f6r n\u00e5gra \u00e5r sedan. Jag har ju \u00e4ven visat metalliskt bl\u00e5 Phoebe fr\u00e5n samma kollektion, d\u00e4remot inte rosa Lolly. Den f\u00e5r v\u00e4l v\u00e4nta till sommaren p\u00e5 att bli swatchad antar jag. Sist jag visade Mitzi svor jag \u00f6ver helvetet som formulan orsakade mig samt i sin blanka form med topplack. Denna g\u00e5ng v\u00e4ljer jag att visa den som den ska vara, matt! Vilket f\u00f6rb\u00e4ttrar den ungef\u00e4r 200% i mitt tycke.<\/p>\n<p>Formulan d\u00e4remot, fortfarande hemsk. Som ni ser p\u00e5 bilderna vallar den sig g\u00e4rna, kanske g\u00e5r den att f\u00f6rb\u00e4ttra med lite thinner. Jag har enbart anv\u00e4nt tv\u00e5 lager men d\u00e5 ovanp\u00e5 ett annat lack vilket gav den lite mer glid. Annars tror jag att detta lack tj\u00e4nar p\u00e5 att anv\u00e4ndas p\u00e5 en bar nagel. Kanske blir det b\u00e4ttre.<\/p>\n<p>Oavsett vilket &#8211; lacket i sig \u00e4r supersnyggt och jag \u00e4lskar de frostade flaskorna. S\u00e5, detta stannar helt klart i min samling!<\/p>\n<p>Vad tycker du om detta lack? R\u00f6sta g\u00e4rna ovan!<\/p>\n<p>Men viktigare \u00e4nd\u00e5 &#8211; \u00e4r du med idag? L\u00e4mna en kommentar!<\/p>\n<p><a href=\"http:\/\/www.vackerunderbar.se\/wp-content\/uploads\/2013\/09\/zoya-mitzi-10.jpg\"><img loading=\"lazy\" decoding=\"async\" class=\"alignnone size-large wp-image-37451\" alt=\"zoya-mitzi-10\" src=\"http:\/\/www.vackerunderbar.se\/wp-content\/uploads\/2013\/09\/zoya-mitzi-10-690x459.jpg\" width=\"690\" height=\"459\" \/><\/a><a href=\"http:\/\/www.vackerunderbar.se\/wp-content\/uploads\/2013\/09\/zoya-mitzi-12.jpg\"><img loading=\"lazy\" decoding=\"async\" class=\"alignnone size-large wp-image-37449\" alt=\"zoya-mitzi-12\" src=\"http:\/\/www.vackerunderbar.se\/wp-content\/uploads\/2013\/09\/zoya-mitzi-12-690x514.jpg\" width=\"690\" height=\"514\" \/><\/a><a href=\"http:\/\/www.vackerunderbar.se\/wp-content\/uploads\/2013\/09\/zoya-mitzi-11.jpg\"><img loading=\"lazy\" decoding=\"async\" class=\"alignnone size-large wp-image-37450\" alt=\"zoya-mitzi-11\" src=\"http:\/\/www.vackerunderbar.se\/wp-content\/uploads\/2013\/09\/zoya-mitzi-11-690x460.jpg\" width=\"690\" height=\"460\" \/><\/a><a href=\"http:\/\/www.vackerunderbar.se\/wp-content\/uploads\/2013\/09\/zoya-mitzi-13.jpg\"><img loading=\"lazy\" decoding=\"async\" class=\"alignnone size-large wp-image-37448\" alt=\"zoya-mitzi-13\" src=\"http:\/\/www.vackerunderbar.se\/wp-content\/uploads\/2013\/09\/zoya-mitzi-13-690x459.jpg\" width=\"690\" height=\"459\" \/><\/a> <\/p>\n","protected":false},"excerpt":{"rendered":"<p>Tjoho, det \u00e4r onsdag och du \u00e4r h\u00e4rmed varmt v\u00e4lkomnad till denna veckas upplaga av Gr\u00f6n Onsdag! Jag hoppas verkligen att du \u00e4r med idag? &hellip; <\/p>\n","protected":false},"author":1,"featured_media":0,"comment_status":"open","ping_status":"open","sticky":false,"template":"","format":"standard","meta":{"footnotes":""},"categories":[43],"tags":[506,432,447,431],"_links":{"self":[{"href":"http:\/\/vackerunderbar.se\/index.php?rest_route=\/wp\/v2\/posts\/37447"}],"collection":[{"href":"http:\/\/vackerunderbar.se\/index.php?rest_route=\/wp\/v2\/posts"}],"about":[{"href":"http:\/\/vackerunderbar.se\/index.php?rest_route=\/wp\/v2\/types\/post"}],"author":[{"embeddable":true,"href":"http:\/\/vackerunderbar.se\/index.php?rest_route=\/wp\/v2\/users\/1"}],"replies":[{"embeddable":true,"href":"http:\/\/vackerunderbar.se\/index.php?rest_route=%2Fwp%2Fv2%2Fcomments&post=37447"}],"version-history":[{"count":2,"href":"http:\/\/vackerunderbar.se\/index.php?rest_route=\/wp\/v2\/posts\/37447\/revisions"}],"predecessor-version":[{"id":37454,"href":"http:\/\/vackerunderbar.se\/index.php?rest_route=\/wp\/v2\/posts\/37447\/revisions\/37454"}],"wp:attachment":[{"href":"http:\/\/vackerunderbar.se\/index.php?rest_route=%2Fwp%2Fv2%2Fmedia&parent=37447"}],"wp:term":[{"taxonomy":"category","embeddable":true,"href":"http:\/\/vackerunderbar.se\/index.php?rest_route=%2Fwp%2Fv2%2Fcategories&post=37447"},{"taxonomy":"post_tag","embeddable":true,"href":"http:\/\/vackerunderbar.se\/index.php?rest_route=%2Fwp%2Fv2%2Ftags&post=37447"}],"curies":[{"name":"wp","href":"https:\/\/api.w.org\/{rel}","templated":true}]}}