{"id":36540,"date":"2013-08-29T15:57:00","date_gmt":"2013-08-29T13:57:00","guid":{"rendered":"http:\/\/www.vackerunderbar.se\/?p=36540"},"modified":"2014-06-03T19:01:27","modified_gmt":"2014-06-03T17:01:27","slug":"cliniques-superprimers","status":"publish","type":"post","link":"http:\/\/vackerunderbar.se\/?p=36540","title":{"rendered":"Clinique Superprimers"},"content":{"rendered":"<p style=\"text-align: left;\"><a href=\"http:\/\/www.vackerunderbar.se\/wp-content\/uploads\/2013\/08\/superprimer.gif\"><img loading=\"lazy\" decoding=\"async\" class=\"aligncenter  wp-image-36541\" alt=\"superprimer\" src=\"http:\/\/www.vackerunderbar.se\/wp-content\/uploads\/2013\/08\/superprimer-690x570.gif\" width=\"552\" height=\"456\" \/><\/a>Clinique lanserar nytt! Nu \u00e4r det primers som \u00e4r p\u00e5 tapeten, mycket sp\u00e4nnande! Hoppas f\u00e5 testa n\u00e5gon av dem f\u00f6rst\u00e5s.<\/p>\n<blockquote>\n<h4><b>M\u00f6t din foundations nya b\u00e4sta v\u00e4nner<\/b><\/h4>\n<p><i>Lanseras i september 2013<\/i><\/p>\n<p>Cliniques nya skr\u00e4ddarsydda <b>Superprimers<\/b> \u00e4r den perfekta partnern till varje foundation och hj\u00e4lper till med att f\u00f6rbereda huden s\u00e5 att din foundation kan leva upp till sin fulla potential. Den oljefria formeln sl\u00e4tar ut och skapar en vacker kanvas s\u00e5 att din foundation blir j\u00e4mnare och h\u00e5ller b\u00e4ttre.<\/p>\n<p>V\u00e5ra Superprimers finns i en f\u00e4rgl\u00f6s universalformel och i tre f\u00e4rgkorrigerande varianter som alla \u00e4r utvecklade f\u00f6r s\u00e4rskilda hudbehov. <b>Superprimers <\/b>sl\u00e4tar ut och f\u00f6rbereder hudens struktur med synliga resultat tack vare l\u00e4tta silikonpolymerer som direkt suddar ut stora porer, fina linjer och rynkor.<\/p>\n<ul>\n<li><b>Superprimer <\/b><i>Universal Face Primer <\/i>\u00e4r en f\u00e4rgl\u00f6s formel som direkt sl\u00e4tar ut huden och skapar ett perfekt underlag f\u00f6r applicering av foundation. Passar perfekt f\u00f6r kvinnor som inte har n\u00e5gra s\u00e4rskilda hudbekymmer.<\/li>\n<li><b>Superprimer<\/b><i> Color Corrects Redness:<\/i>\u00a0 primer med ett str\u00e5k av gult som korrigerar rodnad i huden och skapar ett neutralt och j\u00e4mnt underlag.<\/li>\n<li><b>Superprimer<\/b><i> Colour Corrects Discolorations:<\/i>\u00a0 primer med ett str\u00e5k av rosa som korrigerar m\u00f6rka fl\u00e4ckar i huden, \u00e4rr efter akne och pigmentf\u00f6r\u00e4ndringar och skapar ett neutralt och j\u00e4mnt underlag.<\/li>\n<li><b>Superprimer<\/b><i> Colour Corrects Sallowness:<\/i>\u00a0 primer med ett str\u00e5k av lavendel som korrigerar gl\u00e5mig eller gultonad hud och skapar ett fr\u00e4scht och str\u00e5lande underlag.<\/li>\n<\/ul>\n<p><b>Superprimers<\/b> passar till alla Cliniques foundations b\u00e5de i flytande, cr\u00e8me- och puderform. <b>Superprimer <\/b><i>Universal Face Primer <\/i>ger direkt ett j\u00e4mnt och enf\u00e4rgat underlag och passar till hudtyper 2, 3 och 4. De f\u00e4rgkorrigerande <b>Superprimer<\/b>-varianterna skapar ett sl\u00e4tt och perfekt underlag f\u00f6r de individuella hudproblemen och passar till alla hudtyper.<i> <\/i>Anv\u00e4nd <b>Superprimer <\/b>efter 3-stegssystemet och andra v\u00e5rdande produkter.<b>\u00a0<\/b><\/p>\n<p><b>Cliniques nya Superprimer kostar 280 kr f\u00f6r 30 ml.<\/b><\/p>\n<p>Allergitestad. 100 procent oparfymerad. Utvecklad av hudl\u00e4kare.<\/p>\n<p><b>Lanseras i september 2013\u00a0<\/b><\/p><\/blockquote>\n","protected":false},"excerpt":{"rendered":"<p>Clinique lanserar nytt! Nu \u00e4r det primers som \u00e4r p\u00e5 tapeten, mycket sp\u00e4nnande! Hoppas f\u00e5 testa n\u00e5gon av dem f\u00f6rst\u00e5s. M\u00f6t din foundations nya b\u00e4sta &hellip; <\/p>\n","protected":false},"author":1,"featured_media":0,"comment_status":"open","ping_status":"open","sticky":false,"template":"","format":"standard","meta":{"footnotes":""},"categories":[41],"tags":[513],"_links":{"self":[{"href":"http:\/\/vackerunderbar.se\/index.php?rest_route=\/wp\/v2\/posts\/36540"}],"collection":[{"href":"http:\/\/vackerunderbar.se\/index.php?rest_route=\/wp\/v2\/posts"}],"about":[{"href":"http:\/\/vackerunderbar.se\/index.php?rest_route=\/wp\/v2\/types\/post"}],"author":[{"embeddable":true,"href":"http:\/\/vackerunderbar.se\/index.php?rest_route=\/wp\/v2\/users\/1"}],"replies":[{"embeddable":true,"href":"http:\/\/vackerunderbar.se\/index.php?rest_route=%2Fwp%2Fv2%2Fcomments&post=36540"}],"version-history":[{"count":5,"href":"http:\/\/vackerunderbar.se\/index.php?rest_route=\/wp\/v2\/posts\/36540\/revisions"}],"predecessor-version":[{"id":36546,"href":"http:\/\/vackerunderbar.se\/index.php?rest_route=\/wp\/v2\/posts\/36540\/revisions\/36546"}],"wp:attachment":[{"href":"http:\/\/vackerunderbar.se\/index.php?rest_route=%2Fwp%2Fv2%2Fmedia&parent=36540"}],"wp:term":[{"taxonomy":"category","embeddable":true,"href":"http:\/\/vackerunderbar.se\/index.php?rest_route=%2Fwp%2Fv2%2Fcategories&post=36540"},{"taxonomy":"post_tag","embeddable":true,"href":"http:\/\/vackerunderbar.se\/index.php?rest_route=%2Fwp%2Fv2%2Ftags&post=36540"}],"curies":[{"name":"wp","href":"https:\/\/api.w.org\/{rel}","templated":true}]}}