{"id":3651,"date":"2009-03-22T22:46:50","date_gmt":"2009-03-22T21:46:50","guid":{"rendered":"http:\/\/www.vackerunderbar.se\/?p=3651"},"modified":"2014-06-03T17:03:48","modified_gmt":"2014-06-03T15:03:48","slug":"my-blog-is-fabulous","status":"publish","type":"post","link":"http:\/\/vackerunderbar.se\/?p=3651","title":{"rendered":"My blog is fabulous!"},"content":{"rendered":"<p>Jag har f\u00f6rresten f\u00e5tt en liten award av <a href=\"http:\/\/universalappeal.blogg.se\" target=\"_blank\">Sanna<\/a>! Tack hj\u00e4rtat!<\/p>\n<p><img loading=\"lazy\" decoding=\"async\" class=\"aligncenter\" src=\"http:\/\/universalappeal.blogg.se\/images\/2009\/ablogfab_32201024_32203596_32286334_32323832_32342733_32377121_32392976_32653497.jpg\" alt=\"\" width=\"222\" height=\"320\" \/><\/p>\n<p><strong>Jag \u00e5 min tur vill nominera f\u00f6ljande bloggar:<\/strong><\/p>\n<p>\u2665 Min mamma, som runt jul b\u00f6rjade fotoblogga och blev biten! Kolla hennes blogg <a href=\"http:\/\/veckansdagar.blogspot.com\/\" target=\"_blank\">Veckans Dagar h\u00e4r<\/a>, <a href=\"http:\/\/kadermo.wordpress.com\/\" target=\"_blank\">Kadermos Fotoblogg h\u00e4r<\/a>, hennes egna utmaning <a href=\"http:\/\/www.tankeboken.se\/wordpress\/\" target=\"_blank\">Veckans Port h\u00e4r<\/a> och slutligen v\u00e5r gemensamma <a href=\"http:\/\/momandi365.wordpress.com\/2009\/02\/01\/300-trappor\/\" target=\"_blank\">Mom &amp; I h\u00e4r<\/a>! Flitig som en myra \u00e4r hon!<\/p>\n<p>\u2665 <a href=\"http:\/\/lina.umea.com\/\" target=\"_blank\">I Karusellens \u00d6ga<\/a>, som g\u00f6r s\u00e5 otroligt fina mejker \u00e4ven om vinkeln \u00e4r lite sv\u00e5r ibland.<\/p>\n<p>\u2665 <a href=\"http:\/\/skimmerskuggan.blogspot.com\/\" target=\"_blank\">Kerstin <\/a>som p\u00e5 kort tid blivit riktigt engagerad och g\u00f6r v\u00e4ldigt fina mejker!<\/p>\n<p>\u2665 <a href=\"http:\/\/thisismed.blogg.se\/\" target=\"_blank\">Daniella<\/a> som f\u00f6rtj\u00e4nar mer bes\u00f6kare f\u00f6r hon \u00e4r s\u00e5 duktig!<\/p>\n","protected":false},"excerpt":{"rendered":"<p>Jag har f\u00f6rresten f\u00e5tt en liten award av Sanna! Tack hj\u00e4rtat! Jag \u00e5 min tur vill nominera f\u00f6ljande bloggar: \u2665 Min mamma, som runt jul &hellip; <\/p>\n","protected":false},"author":1,"featured_media":0,"comment_status":"open","ping_status":"open","sticky":false,"template":"","format":"standard","meta":{"footnotes":""},"categories":[448],"tags":[],"_links":{"self":[{"href":"http:\/\/vackerunderbar.se\/index.php?rest_route=\/wp\/v2\/posts\/3651"}],"collection":[{"href":"http:\/\/vackerunderbar.se\/index.php?rest_route=\/wp\/v2\/posts"}],"about":[{"href":"http:\/\/vackerunderbar.se\/index.php?rest_route=\/wp\/v2\/types\/post"}],"author":[{"embeddable":true,"href":"http:\/\/vackerunderbar.se\/index.php?rest_route=\/wp\/v2\/users\/1"}],"replies":[{"embeddable":true,"href":"http:\/\/vackerunderbar.se\/index.php?rest_route=%2Fwp%2Fv2%2Fcomments&post=3651"}],"version-history":[{"count":4,"href":"http:\/\/vackerunderbar.se\/index.php?rest_route=\/wp\/v2\/posts\/3651\/revisions"}],"predecessor-version":[{"id":60418,"href":"http:\/\/vackerunderbar.se\/index.php?rest_route=\/wp\/v2\/posts\/3651\/revisions\/60418"}],"wp:attachment":[{"href":"http:\/\/vackerunderbar.se\/index.php?rest_route=%2Fwp%2Fv2%2Fmedia&parent=3651"}],"wp:term":[{"taxonomy":"category","embeddable":true,"href":"http:\/\/vackerunderbar.se\/index.php?rest_route=%2Fwp%2Fv2%2Fcategories&post=3651"},{"taxonomy":"post_tag","embeddable":true,"href":"http:\/\/vackerunderbar.se\/index.php?rest_route=%2Fwp%2Fv2%2Ftags&post=3651"}],"curies":[{"name":"wp","href":"https:\/\/api.w.org\/{rel}","templated":true}]}}