{"id":36052,"date":"2013-08-12T17:08:22","date_gmt":"2013-08-12T15:08:22","guid":{"rendered":"http:\/\/www.vackerunderbar.se\/?p=36052"},"modified":"2014-06-03T18:16:41","modified_gmt":"2014-06-03T16:16:41","slug":"bla-mandag-depend-351","status":"publish","type":"post","link":"http:\/\/vackerunderbar.se\/?p=36052","title":{"rendered":"Bl\u00e5 M\u00e5ndag: Depend &#8211; 351"},"content":{"rendered":"<p><a href=\"http:\/\/www.vackerunderbar.se\/wp-content\/uploads\/2013\/08\/depend-351-1.jpg\"><img loading=\"lazy\" decoding=\"async\" alt=\"depend-351-1\" src=\"http:\/\/www.vackerunderbar.se\/wp-content\/uploads\/2013\/08\/depend-351-1-690x459.jpg\" width=\"690\" height=\"459\" \/><\/a><\/p>\n<p><strong>S\u00e5 var det m\u00e5ndag igen och en bl\u00e5 s\u00e5dan!<\/strong> Tove \u00e4r fortfarande vikarie f\u00f6r Linda, s\u00e5 bege er till <a href=\"http:\/\/nailme.blogg.se\" target=\"_blank\">Nailme<\/a> f\u00f6r fler fina bl\u00e5a manikyrer idag!<\/p>\n<p>Idag vill jag visa er ett lack jag swatchat men gl\u00f6mt bort! Jag har g\u00e5tt igenom alla mappar med bilder och flyttat allt jag redan bloggat och allt som \u00e4r obloggat sedan mars n\u00e5nting. Bilden ni fick se f\u00f6rra veckan \u00e4r s\u00e5ledes inte korrekt, den visar bara drygt h\u00e4lften av alla lack jag haft p\u00e5 bloggen. Vill ni se en ny sammanfattning nu eller vill ni v\u00e4nta till min ny\u00e5rssammanfattning med alla 365 lack i ett enda l\u00e5ngt inl\u00e4gg?<\/p>\n<p>Men som sagt, idag f\u00e5r ni se ett bortgl\u00f6mt och m\u00f6jligen Depends v\u00e5rkollektions vackraste lack &#8211; turkosa <strong>351<\/strong>! Jag \u00e4r t\u00e4mligen s\u00e4ker p\u00e5 att jag faktiskt bar detta, d\u00e5 i april, f\u00f6r att bara swatcha detta vore ju synd. Det \u00e4r extremt fint, lite foilfinish eller om det \u00e4r glassflecks och v\u00e4ldigt blankt. Tror jag har tv\u00e5 eller m\u00f6jligen tre lager h\u00e4r, Depends lack \u00e4r faktiskt lite skira men blir n\u00e4stan alltid v\u00e4ldigt fina i slut\u00e4ndan.<\/p>\n<p>H\u00e5ller ni med om att detta var Depends vackraste lack fr\u00e5n v\u00e5rkollektionen? Otroligt fint! Synd att bilderna blev lite kassa bara&#8230; Jaja&#8230;<\/p>\n<p><a href=\"http:\/\/www.vackerunderbar.se\/wp-content\/uploads\/2013\/08\/depend-351-2.jpg\"><img loading=\"lazy\" decoding=\"async\" class=\"alignnone size-large wp-image-36054\" alt=\"depend-351-2\" src=\"http:\/\/www.vackerunderbar.se\/wp-content\/uploads\/2013\/08\/depend-351-2-690x459.jpg\" width=\"690\" height=\"459\" \/><\/a><a href=\"http:\/\/www.vackerunderbar.se\/wp-content\/uploads\/2013\/08\/depend-351-3.jpg\"><img loading=\"lazy\" decoding=\"async\" class=\"alignnone size-large wp-image-36055\" alt=\"depend-351-3\" src=\"http:\/\/www.vackerunderbar.se\/wp-content\/uploads\/2013\/08\/depend-351-3-690x514.jpg\" width=\"690\" height=\"514\" \/><\/a><a href=\"http:\/\/www.vackerunderbar.se\/wp-content\/uploads\/2013\/08\/depend-351-4.jpg\"><img loading=\"lazy\" decoding=\"async\" class=\"alignnone size-large wp-image-36056\" alt=\"depend-351-4\" src=\"http:\/\/www.vackerunderbar.se\/wp-content\/uploads\/2013\/08\/depend-351-4-690x460.jpg\" width=\"690\" height=\"460\" \/><\/a><a href=\"http:\/\/www.vackerunderbar.se\/wp-content\/uploads\/2013\/08\/depend-351-5.jpg\"><img loading=\"lazy\" decoding=\"async\" class=\"alignnone size-large wp-image-36057\" alt=\"depend-351-5\" src=\"http:\/\/www.vackerunderbar.se\/wp-content\/uploads\/2013\/08\/depend-351-5-690x459.jpg\" width=\"690\" height=\"459\" \/><\/a><a href=\"http:\/\/www.vackerunderbar.se\/wp-content\/uploads\/2013\/08\/depend-351-6.jpg\"><img loading=\"lazy\" decoding=\"async\" class=\"alignnone size-large wp-image-36058\" alt=\"depend-351-6\" src=\"http:\/\/www.vackerunderbar.se\/wp-content\/uploads\/2013\/08\/depend-351-6-690x460.jpg\" width=\"690\" height=\"460\" \/><\/a><\/p>\n","protected":false},"excerpt":{"rendered":"<p>S\u00e5 var det m\u00e5ndag igen och en bl\u00e5 s\u00e5dan! Tove \u00e4r fortfarande vikarie f\u00f6r Linda, s\u00e5 bege er till Nailme f\u00f6r fler fina bl\u00e5a manikyrer &hellip; <\/p>\n","protected":false},"author":1,"featured_media":0,"comment_status":"open","ping_status":"open","sticky":false,"template":"","format":"standard","meta":{"footnotes":""},"categories":[43],"tags":[506,444,456,443],"_links":{"self":[{"href":"http:\/\/vackerunderbar.se\/index.php?rest_route=\/wp\/v2\/posts\/36052"}],"collection":[{"href":"http:\/\/vackerunderbar.se\/index.php?rest_route=\/wp\/v2\/posts"}],"about":[{"href":"http:\/\/vackerunderbar.se\/index.php?rest_route=\/wp\/v2\/types\/post"}],"author":[{"embeddable":true,"href":"http:\/\/vackerunderbar.se\/index.php?rest_route=\/wp\/v2\/users\/1"}],"replies":[{"embeddable":true,"href":"http:\/\/vackerunderbar.se\/index.php?rest_route=%2Fwp%2Fv2%2Fcomments&post=36052"}],"version-history":[{"count":5,"href":"http:\/\/vackerunderbar.se\/index.php?rest_route=\/wp\/v2\/posts\/36052\/revisions"}],"predecessor-version":[{"id":36361,"href":"http:\/\/vackerunderbar.se\/index.php?rest_route=\/wp\/v2\/posts\/36052\/revisions\/36361"}],"wp:attachment":[{"href":"http:\/\/vackerunderbar.se\/index.php?rest_route=%2Fwp%2Fv2%2Fmedia&parent=36052"}],"wp:term":[{"taxonomy":"category","embeddable":true,"href":"http:\/\/vackerunderbar.se\/index.php?rest_route=%2Fwp%2Fv2%2Fcategories&post=36052"},{"taxonomy":"post_tag","embeddable":true,"href":"http:\/\/vackerunderbar.se\/index.php?rest_route=%2Fwp%2Fv2%2Ftags&post=36052"}],"curies":[{"name":"wp","href":"https:\/\/api.w.org\/{rel}","templated":true}]}}