{"id":3411,"date":"2009-03-09T01:38:15","date_gmt":"2009-03-09T00:38:15","guid":{"rendered":"http:\/\/www.vackerunderbar.se\/?p=3411"},"modified":"2014-06-03T16:52:37","modified_gmt":"2014-06-03T14:52:37","slug":"bilder-fran-lordagen","status":"publish","type":"post","link":"http:\/\/vackerunderbar.se\/?p=3411","title":{"rendered":"Bilder fr\u00e5n l\u00f6rdagen"},"content":{"rendered":"<p>H\u00e4r kommer s\u00e5 lite bilder fr\u00e5n l\u00f6rdagen! Alla direkt inl\u00e4nkade fr\u00e5n <a href=\"http:\/\/universalappeal.blogg.se\" target=\"_blank\">Underbara Sannas<\/a> blogg!<\/p>\n<figure style=\"width: 400px\" class=\"wp-caption aligncenter\"><a href=\"http:\/\/universalappeal.blogg.se\/images\/2009\/img_0067_31592519.jpg\"><img loading=\"lazy\" decoding=\"async\" src=\"http:\/\/universalappeal.blogg.se\/images\/2009\/img_0067_31592519.jpg\" alt=\"Sminket syns inte s\u00e5 bra h\u00e4r, men jag hade rosa kr\u00e4mskugga som gick ut mot tinningen och Mac-pigmentet Fucshia \u00f6ver.\" width=\"400\" height=\"533\" \/><\/a><figcaption class=\"wp-caption-text\">Sminket syns inte s\u00e5 bra h\u00e4r, men jag hade rosa kr\u00e4mskugga som gick ut mot tinningen och Mac-pigmentet Fucshia \u00f6ver.<\/figcaption><\/figure>\n<figure style=\"width: 400px\" class=\"wp-caption aligncenter\"><a href=\"http:\/\/universalappeal.blogg.se\/images\/2009\/imgp6333_31592629.jpg\"><img loading=\"lazy\" decoding=\"async\" src=\"http:\/\/universalappeal.blogg.se\/images\/2009\/imgp6333_31592629.jpg\" alt=\"Alla underbara glitterbrudar! Johanna, Sofia, Jag (med klackskor p\u00e5 ska till\u00e4ggas, s\u00e5 d\u00e4r mycket l\u00e4ngre \u00e4r jag inte annars!), Sanna och Ellen.\" width=\"400\" height=\"299\" \/><\/a><figcaption class=\"wp-caption-text\">Alla underbara glitterbrudar! Johanna, Sofia, Jag (med klackskor p\u00e5 ska till\u00e4ggas, s\u00e5 d\u00e4r mycket l\u00e4ngre \u00e4r jag inte annars!), Sanna och Ellen. Jag har tydligen effektivast Anti-Shine, moahaha! ;)<\/figcaption><\/figure>\n<figure style=\"width: 400px\" class=\"wp-caption aligncenter\"><a href=\"http:\/\/universalappeal.blogg.se\/images\/2009\/img_0091_31592690.jpg\"><img loading=\"lazy\" decoding=\"async\" src=\"http:\/\/universalappeal.blogg.se\/images\/2009\/img_0091_31592690.jpg\" alt=\"Sofia, Sanna och jag p\u00e5 Bomullsfabriken, eller Bomulls som man s\u00e4ger.\" width=\"400\" height=\"299\" \/><\/a><figcaption class=\"wp-caption-text\">Sofia, Sanna och jag p\u00e5 Bomullsfabriken, eller Bomulls som man s\u00e4ger.<\/figcaption><\/figure>\n<figure style=\"width: 400px\" class=\"wp-caption aligncenter\"><a href=\"http:\/\/universalappeal.blogg.se\/images\/2009\/img_0092_31592707.jpg\"><img loading=\"lazy\" decoding=\"async\" src=\"http:\/\/universalappeal.blogg.se\/images\/2009\/img_0092_31592707.jpg\" alt=\"Friends in Need - of a drink! Trots att Sanna kl\u00e4ngde p\u00e5 varenda kille hon s\u00e5g var det bara en som bj\u00f6d oss p\u00e5 n\u00e5t att dricka, en j\u00e4gershot. \" width=\"400\" height=\"299\" \/><\/a><figcaption class=\"wp-caption-text\">Friends in Need - of a drink! Trots att Sanna kl\u00e4ngde p\u00e5 varenda kille hon s\u00e5g var det bara en som bj\u00f6d oss p\u00e5 n\u00e5t att dricka, en j\u00e4gershot. Jag fick f\u00f6rresten inte visa leg i entren, d\u00e4remot var det en kille som gissade att jag var 22. =) Jag t\u00e4nker inte l\u00e5tsas om att han var ironisk, full eller m\u00f6jligen blind ;) <\/figcaption><\/figure>\n<figure style=\"width: 400px\" class=\"wp-caption aligncenter\"><a href=\"http:\/\/universalappeal.blogg.se\/images\/2009\/img_0120_31592744.jpg\"><img loading=\"lazy\" decoding=\"async\" src=\"http:\/\/universalappeal.blogg.se\/images\/2009\/img_0120_31592744.jpg\" alt=\"Den h\u00e4r sista bilden \u00e4r ju helt underbar!! Minns inte vilken l\u00e5t det var, men det var n\u00e5n typ I Will Survive eller s\u00e5. En 70-talsdisco allts\u00e5. Ser ni s\u00e5 coolt det blixtrar i toppen? \" width=\"400\" height=\"533\" \/><\/a><figcaption class=\"wp-caption-text\">Den h\u00e4r sista bilden \u00e4r ju helt underbar!! Minns inte vilken l\u00e5t det var, men det var n\u00e5n typ I Will Survive eller s\u00e5. En 70-talsdisco allts\u00e5. Ser ni s\u00e5 coolt det blixtrar i toppen? <\/figcaption><\/figure>\n<p>En annan sak jag noterade p\u00e5 Bomulls var att -ALLA- tjejer hade l\u00e5ngt lockigt h\u00e5r. Jag i fejkblonderat rufsspret var v\u00e4l kanske inte riktigt urtypen f\u00f6r snygg brud just d\u00e4r. Men spela roll, fattar inte hur n\u00e5gon kan g\u00e5 ut p\u00e5 krogen med f\u00f6ruts\u00e4ttningen att tr\u00e4ffa n\u00e5n. Sj\u00e4lv tycker jag f\u00f6rst\u00e5s att jag var ursnygg och fattar inte riktigt varf\u00f6r ingen la m\u00e4rke till mig d\u00e4r&#8230;.<\/p>\n","protected":false},"excerpt":{"rendered":"<p>H\u00e4r kommer s\u00e5 lite bilder fr\u00e5n l\u00f6rdagen! Alla direkt inl\u00e4nkade fr\u00e5n Underbara Sannas blogg! En annan sak jag noterade p\u00e5 Bomulls var att -ALLA- tjejer &hellip; <\/p>\n","protected":false},"author":1,"featured_media":0,"comment_status":"open","ping_status":"open","sticky":false,"template":"","format":"standard","meta":{"footnotes":""},"categories":[448],"tags":[],"_links":{"self":[{"href":"http:\/\/vackerunderbar.se\/index.php?rest_route=\/wp\/v2\/posts\/3411"}],"collection":[{"href":"http:\/\/vackerunderbar.se\/index.php?rest_route=\/wp\/v2\/posts"}],"about":[{"href":"http:\/\/vackerunderbar.se\/index.php?rest_route=\/wp\/v2\/types\/post"}],"author":[{"embeddable":true,"href":"http:\/\/vackerunderbar.se\/index.php?rest_route=\/wp\/v2\/users\/1"}],"replies":[{"embeddable":true,"href":"http:\/\/vackerunderbar.se\/index.php?rest_route=%2Fwp%2Fv2%2Fcomments&post=3411"}],"version-history":[{"count":4,"href":"http:\/\/vackerunderbar.se\/index.php?rest_route=\/wp\/v2\/posts\/3411\/revisions"}],"predecessor-version":[{"id":60356,"href":"http:\/\/vackerunderbar.se\/index.php?rest_route=\/wp\/v2\/posts\/3411\/revisions\/60356"}],"wp:attachment":[{"href":"http:\/\/vackerunderbar.se\/index.php?rest_route=%2Fwp%2Fv2%2Fmedia&parent=3411"}],"wp:term":[{"taxonomy":"category","embeddable":true,"href":"http:\/\/vackerunderbar.se\/index.php?rest_route=%2Fwp%2Fv2%2Fcategories&post=3411"},{"taxonomy":"post_tag","embeddable":true,"href":"http:\/\/vackerunderbar.se\/index.php?rest_route=%2Fwp%2Fv2%2Ftags&post=3411"}],"curies":[{"name":"wp","href":"https:\/\/api.w.org\/{rel}","templated":true}]}}