{"id":33268,"date":"2013-07-22T22:00:00","date_gmt":"2013-07-22T20:00:00","guid":{"rendered":"http:\/\/www.vackerunderbar.se\/?p=33268"},"modified":"2014-06-03T18:54:04","modified_gmt":"2014-06-03T16:54:04","slug":"vecka-29-med-instagram-2","status":"publish","type":"post","link":"http:\/\/vackerunderbar.se\/?p=33268","title":{"rendered":"Vecka 29 med Instagram"},"content":{"rendered":"<p>S\u00e5 har vi stigit in i min sista semestervecka. F\u00f6rra veckan var riktigt lugn och sk\u00f6n, precis som den ska vara n\u00e4r man har semester!<\/p>\n<p><a href=\"http:\/\/www.vackerunderbar.se\/wp-content\/uploads\/2013\/07\/wpid-IMG_20130715_1528211.jpg\"><img decoding=\"async\" title=\"IMG_20130715_152821.jpg\" class=\"alignnone size-full\" alt=\"image\" src=\"http:\/\/www.vackerunderbar.se\/wp-content\/uploads\/2013\/07\/wpid-IMG_20130715_1528211.jpg\" width = 340 height = 340\/><\/a><a href=\"http:\/\/www.vackerunderbar.se\/wp-content\/uploads\/2013\/07\/wpid-IMG_20130715_2107571.jpg\"><img decoding=\"async\" title=\"IMG_20130715_210757.jpg\" class=\"alignnone size-full\" alt=\"image\" src=\"http:\/\/www.vackerunderbar.se\/wp-content\/uploads\/2013\/07\/wpid-IMG_20130715_2107571.jpg\" width = 340 height = 340 \/><\/a><a href=\"http:\/\/www.vackerunderbar.se\/wp-content\/uploads\/2013\/07\/wpid-IMG_20130715_220515.jpg\"><img decoding=\"async\" title=\"IMG_20130715_220515.jpg\" class=\"alignnone size-full\" alt=\"image\" src=\"http:\/\/www.vackerunderbar.se\/wp-content\/uploads\/2013\/07\/wpid-IMG_20130715_220515.jpg\" width = 340 height = 340\/><\/a><a href=\"http:\/\/www.vackerunderbar.se\/wp-content\/uploads\/2013\/07\/wpid-IMG_20130716_0943331.jpg\"><img decoding=\"async\" title=\"IMG_20130716_094333.jpg\" class=\"alignnone size-full\" alt=\"image\" src=\"http:\/\/www.vackerunderbar.se\/wp-content\/uploads\/2013\/07\/wpid-IMG_20130716_0943331.jpg\" width = 340 height = 340\/><\/a> <\/p>\n<p>1. P\u00e5 m\u00e5ndagen fotade jag Make Up Stores kommande kollektion, from augusti till i vinter. Mycket fint \u00e4r det och bilderna fick en fin inramning tycker jag.<br \/>\n2. Sedan var jag p\u00e5 EM-fotboll, Frankrike &#8211; Spanien. Lite tr\u00e5kig match tyv\u00e4rr&#8230;<br \/>\n3. &#8230;s\u00e5 jag tittade mest p\u00e5 solnedg\u00e5ngen.<br \/>\n4. Tisdag och dags att swatcha lack &#8211; med lite hj\u00e4lp av Uchi f\u00f6rst\u00e5s! <\/p>\n<p>&nbsp;<br \/>\n<a href=\"http:\/\/www.vackerunderbar.se\/wp-content\/uploads\/2013\/07\/wpid-IMG_20130716_1024391.jpg\"><img decoding=\"async\" title=\"IMG_20130716_102439.jpg\" class=\"alignnone size-full\" alt=\"image\" src=\"http:\/\/www.vackerunderbar.se\/wp-content\/uploads\/2013\/07\/wpid-IMG_20130716_1024391.jpg\" width = 340 height = 340\/><\/a><a href=\"http:\/\/www.vackerunderbar.se\/wp-content\/uploads\/2013\/07\/wpid-IMG_20130716_1934311.jpg\"><img decoding=\"async\" title=\"IMG_20130716_193431.jpg\" class=\"alignnone size-full\" alt=\"image\" src=\"http:\/\/www.vackerunderbar.se\/wp-content\/uploads\/2013\/07\/wpid-IMG_20130716_1934311.jpg\" width = 340 height = 340\/><\/a><a href=\"http:\/\/www.vackerunderbar.se\/wp-content\/uploads\/2013\/07\/wpid-IMG_20130717_1300291.jpg\"><img decoding=\"async\" title=\"IMG_20130717_130029.jpg\" class=\"alignnone size-full\" alt=\"image\" src=\"http:\/\/www.vackerunderbar.se\/wp-content\/uploads\/2013\/07\/wpid-IMG_20130717_1300291.jpg\" width = 340 height = 340\/><\/a><a href=\"http:\/\/www.vackerunderbar.se\/wp-content\/uploads\/2013\/07\/wpid-IMG_20130717_1759171.jpg\"><img decoding=\"async\" title=\"IMG_20130717_175917.jpg\" class=\"alignnone size-full\" alt=\"image\" src=\"http:\/\/www.vackerunderbar.se\/wp-content\/uploads\/2013\/07\/wpid-IMG_20130717_1759171.jpg\" width = 340 height = 340\/><\/a> <\/p>\n<p>1. Veckan bestod sedan mest av katternas uppt\u00e5g. Deshi visade sitt stora bokintresse.<br \/>\n2. Uchi var nog den som sov mest i hush\u00e5llet, g\u00e4rna utbredd \u00f6ver hela skrivbordet.<br \/>\n3. Lite tv\u00e5ngsgos hann vi ocks\u00e5 med, husse Anders fick en lite l\u00e4ngre stund med Deshi.<br \/>\n4. Och s\u00e5 hittade han en ny sovplats som vi ordnat \u00e5t honom! Inte popul\u00e4r tyv\u00e4rr nu n\u00e4r vi tagit bort b\u00f6ckerna. Pfft! Bokmal!<\/p>\n<p>&nbsp;<br \/>\n<a href=\"http:\/\/www.vackerunderbar.se\/wp-content\/uploads\/2013\/07\/wpid-IMG_20130718_1037521.jpg\"><img decoding=\"async\" title=\"IMG_20130718_103752.jpg\" class=\"alignnone size-full\" alt=\"image\" src=\"http:\/\/www.vackerunderbar.se\/wp-content\/uploads\/2013\/07\/wpid-IMG_20130718_1037521.jpg\" width = 340 height = 340\/><\/a><a href=\"http:\/\/www.vackerunderbar.se\/wp-content\/uploads\/2013\/07\/wpid-IMG_20130718_1724281.jpg\"><img decoding=\"async\" title=\"IMG_20130718_172428.jpg\" class=\"alignnone size-full\" alt=\"image\" src=\"http:\/\/www.vackerunderbar.se\/wp-content\/uploads\/2013\/07\/wpid-IMG_20130718_1724281.jpg\" width = 340 height = 340 \/><\/a><a href=\"http:\/\/www.vackerunderbar.se\/wp-content\/uploads\/2013\/07\/wpid-IMG_20130720_1450561.jpg\"><img decoding=\"async\" title=\"IMG_20130720_145056.jpg\" class=\"alignnone size-full\" alt=\"image\" src=\"http:\/\/www.vackerunderbar.se\/wp-content\/uploads\/2013\/07\/wpid-IMG_20130720_1450561.jpg\" width = 340 height = 340\/><\/a><a href=\"http:\/\/www.vackerunderbar.se\/wp-content\/uploads\/2013\/07\/wpid-IMG_20130721_1442191.jpg\"><img decoding=\"async\" title=\"IMG_20130721_144219.jpg\" class=\"alignnone size-full\" alt=\"image\" src=\"http:\/\/www.vackerunderbar.se\/wp-content\/uploads\/2013\/07\/wpid-IMG_20130721_1442191.jpg\" width = 340 height = 340\/><\/a><\/p>\n<p>1. Jag fick nya lack ocks\u00e5 f\u00f6rst\u00e5s! Dessa kom fr\u00e5n Malin, lila Pukka Purple s\u00e5g ni ju tidigare idag.<br \/>\n2. Och Alexis fr\u00e5n Gina Tricot har jag ocks\u00e5 f\u00e5tt tips om att inf\u00f6rskaffa.<br \/>\n3. I l\u00f6rdags var vi hos mamma, vi hj\u00e4lpte henne klippa h\u00e4cken och jag tog makrobilder av blommor och myror.<br \/>\n4. Slutligen ig\u00e5r tv\u00e4ttade vi f\u00f6nstren. Jobbigt, varmt och om\u00f6jligt att n\u00e5 de sm\u00e5 \u00f6verst. De f\u00e5r vara smutsiga! <\/p>\n<p>Ja en helt ordin\u00e4r sommarvecka med andra ord! :)<\/p>\n","protected":false},"excerpt":{"rendered":"<p>S\u00e5 har vi stigit in i min sista semestervecka. F\u00f6rra veckan var riktigt lugn och sk\u00f6n, precis som den ska vara n\u00e4r man har semester! &hellip; <\/p>\n","protected":false},"author":1,"featured_media":0,"comment_status":"open","ping_status":"open","sticky":false,"template":"","format":"standard","meta":{"footnotes":""},"categories":[56],"tags":[511,436],"_links":{"self":[{"href":"http:\/\/vackerunderbar.se\/index.php?rest_route=\/wp\/v2\/posts\/33268"}],"collection":[{"href":"http:\/\/vackerunderbar.se\/index.php?rest_route=\/wp\/v2\/posts"}],"about":[{"href":"http:\/\/vackerunderbar.se\/index.php?rest_route=\/wp\/v2\/types\/post"}],"author":[{"embeddable":true,"href":"http:\/\/vackerunderbar.se\/index.php?rest_route=\/wp\/v2\/users\/1"}],"replies":[{"embeddable":true,"href":"http:\/\/vackerunderbar.se\/index.php?rest_route=%2Fwp%2Fv2%2Fcomments&post=33268"}],"version-history":[{"count":11,"href":"http:\/\/vackerunderbar.se\/index.php?rest_route=\/wp\/v2\/posts\/33268\/revisions"}],"predecessor-version":[{"id":55542,"href":"http:\/\/vackerunderbar.se\/index.php?rest_route=\/wp\/v2\/posts\/33268\/revisions\/55542"}],"wp:attachment":[{"href":"http:\/\/vackerunderbar.se\/index.php?rest_route=%2Fwp%2Fv2%2Fmedia&parent=33268"}],"wp:term":[{"taxonomy":"category","embeddable":true,"href":"http:\/\/vackerunderbar.se\/index.php?rest_route=%2Fwp%2Fv2%2Fcategories&post=33268"},{"taxonomy":"post_tag","embeddable":true,"href":"http:\/\/vackerunderbar.se\/index.php?rest_route=%2Fwp%2Fv2%2Ftags&post=33268"}],"curies":[{"name":"wp","href":"https:\/\/api.w.org\/{rel}","templated":true}]}}