{"id":3269,"date":"2009-02-28T17:45:22","date_gmt":"2009-02-28T16:45:22","guid":{"rendered":"http:\/\/www.vackerunderbar.se\/?p=3269"},"modified":"2014-06-03T18:16:24","modified_gmt":"2014-06-03T16:16:24","slug":"dagens-vargron","status":"publish","type":"post","link":"http:\/\/vackerunderbar.se\/?p=3269","title":{"rendered":"Dagens: V\u00e5rgr\u00f6n"},"content":{"rendered":"<p><a href=\"http:\/\/farm4.static.flickr.com\/3628\/3315913941_4630224069_o.jpg\"><img loading=\"lazy\" decoding=\"async\" class=\"alignright\" src=\"http:\/\/farm4.static.flickr.com\/3628\/3315913941_4630224069_o.jpg\" alt=\"\" width=\"180\" height=\"177\" \/><\/a>Idag sov vi l\u00e4nge som vanligt p\u00e5 l\u00f6rdagar. Anders jobbar f\u00f6r <a href=\"http:\/\/www.ekoladan.se\" target=\"_blank\">Ekol\u00e5dan<\/a> h\u00e4r i Norrk\u00f6ping s\u00e5 han \u00e4r pretty much beat n\u00e4r han kommer hem p\u00e5 fredagar. Jag var bara nedst\u00e4md och tr\u00f6tt ig\u00e5r, det m\u00e4rkte ni kanske &#8211; skrev ju bara ett inl\u00e4gg ig\u00e5r. \u00c4r lite fundersam \u00f6ver varf\u00f6r jag har s\u00e5 m\u00e5nga bes\u00f6kare men knappt n\u00e5gon som kommenterar, antar att det jag skriver \u00e4r, ja vad\u00e5, tr\u00e5kigt?<\/p>\n<p>N\u00e5ja, vi b\u00f6rjade iaf dagen med att g\u00e5 igenom Nailmails finanser och inkasso etc. Visar sig att Handelsbanken har en inkassotj\u00e4nst f\u00f6r f\u00f6retagare, s\u00e5 det l\u00f6ser sig! \u00c4r illa att det fr\u00e4mst \u00e4r de som k\u00f6pt alla Zoyalack tex som inte betalat, inser de inte att det \u00e4r st\u00f6ld?<\/p>\n<p><a href=\"http:\/\/farm4.static.flickr.com\/3577\/3315914139_9aee3f55b1_o.jpg\"><img loading=\"lazy\" decoding=\"async\" class=\"alignleft\" src=\"http:\/\/farm4.static.flickr.com\/3577\/3315914139_9aee3f55b1_o.jpg\" alt=\"\" width=\"180\" height=\"151\" \/><\/a>Sedan gick vi iaf ner p\u00e5 stan, och jag k\u00e4nde inte f\u00f6r en m\u00f6rk mejk idag. S\u00e5 det blev en ljus variant som absolut inte syns p\u00e5 fotona. Jag grundade med Color Definer och d\u00e4refter \u00e4r det bara Mac-pigmentet Pastorale. Inte ens n\u00e5n kajal idag! P\u00e5 stan hittade jag ett par otroligt sk\u00f6na Tamarisk\u00e4ngor, riktigt billiga p\u00e5 rea. Varma dessutom! Inget smink lockade mig dock s\u00e5 mycket att jag k\u00f6pte det, har ingen inspiration riktigt p\u00e5 det omr\u00e5det&#8230;.<\/p>\n<p>Jag dr\u00f6mde f\u00f6rresten om orange mascara, finns det p\u00e5 marknaden? :P<\/p>\n<p><img loading=\"lazy\" decoding=\"async\" class=\"aligncenter\" src=\"http:\/\/farm4.static.flickr.com\/3485\/3316740868_71b9174a56_o.jpg\" alt=\"\" width=\"500\" height=\"120\" \/><img loading=\"lazy\" decoding=\"async\" class=\"aligncenter\" src=\"http:\/\/farm4.static.flickr.com\/3393\/3316740808_0cf7b94aa6_o.jpg\" alt=\"\" width=\"500\" height=\"138\" \/><\/p>\n","protected":false},"excerpt":{"rendered":"<p>Idag sov vi l\u00e4nge som vanligt p\u00e5 l\u00f6rdagar. Anders jobbar f\u00f6r Ekol\u00e5dan h\u00e4r i Norrk\u00f6ping s\u00e5 han \u00e4r pretty much beat n\u00e4r han kommer hem &hellip; <\/p>\n","protected":false},"author":1,"featured_media":0,"comment_status":"open","ping_status":"open","sticky":false,"template":"","format":"standard","meta":{"footnotes":""},"categories":[421],"tags":[505],"_links":{"self":[{"href":"http:\/\/vackerunderbar.se\/index.php?rest_route=\/wp\/v2\/posts\/3269"}],"collection":[{"href":"http:\/\/vackerunderbar.se\/index.php?rest_route=\/wp\/v2\/posts"}],"about":[{"href":"http:\/\/vackerunderbar.se\/index.php?rest_route=\/wp\/v2\/types\/post"}],"author":[{"embeddable":true,"href":"http:\/\/vackerunderbar.se\/index.php?rest_route=\/wp\/v2\/users\/1"}],"replies":[{"embeddable":true,"href":"http:\/\/vackerunderbar.se\/index.php?rest_route=%2Fwp%2Fv2%2Fcomments&post=3269"}],"version-history":[{"count":1,"href":"http:\/\/vackerunderbar.se\/index.php?rest_route=\/wp\/v2\/posts\/3269\/revisions"}],"predecessor-version":[{"id":3270,"href":"http:\/\/vackerunderbar.se\/index.php?rest_route=\/wp\/v2\/posts\/3269\/revisions\/3270"}],"wp:attachment":[{"href":"http:\/\/vackerunderbar.se\/index.php?rest_route=%2Fwp%2Fv2%2Fmedia&parent=3269"}],"wp:term":[{"taxonomy":"category","embeddable":true,"href":"http:\/\/vackerunderbar.se\/index.php?rest_route=%2Fwp%2Fv2%2Fcategories&post=3269"},{"taxonomy":"post_tag","embeddable":true,"href":"http:\/\/vackerunderbar.se\/index.php?rest_route=%2Fwp%2Fv2%2Ftags&post=3269"}],"curies":[{"name":"wp","href":"https:\/\/api.w.org\/{rel}","templated":true}]}}