{"id":32493,"date":"2013-06-07T19:46:56","date_gmt":"2013-06-07T17:46:56","guid":{"rendered":"http:\/\/www.vackerunderbar.se\/?p=32493"},"modified":"2014-06-03T18:56:29","modified_gmt":"2014-06-03T16:56:29","slug":"introvert-den-tysta-revolutionen-av-linus-jonkman","status":"publish","type":"post","link":"http:\/\/vackerunderbar.se\/?p=32493","title":{"rendered":"Introvert: den tysta revolutionen av Linus Jonkman"},"content":{"rendered":"<p><figure style=\"width: 160px\" class=\"wp-caption alignleft\"><a href=\"http:\/\/www.bokus.com\/bok\/9789137140483\/introvert-den-tysta-revolutionen\/\"><img loading=\"lazy\" decoding=\"async\" class=\" \" alt=\"\" src=\"http:\/\/image.bokus.com\/images2\/9789137140483_200_introvert-den-tysta-revolutionen\" width=\"160\" height=\"255\" \/><\/a><figcaption class=\"wp-caption-text\">Klicka p\u00e5 bilden f\u00f6r att komma till Bokus!<\/figcaption><\/figure>Ni som f\u00f6ljer mig p\u00e5 Instagram har sett bilder och utdrag fr\u00e5n denna bok den senaste veckan. Utdrag som s\u00e4rskilt mycket appelerat p\u00e5 mig och min personlighet, s\u00e5 mitt i prick m\u00e5nga g\u00e5nger att jag h\u00f6gt sagt &#8221;Ja j\u00e4vlar&#8221; rakt ut och v\u00e4ckt Anders fr\u00e5n hans slummer brevid mig i s\u00e4ngen.\u00a0<strong>Introvert: den tysta revolutionen av Linus Jonkman<\/strong> \u00e4r helt klart \u00e5rets viktigaste bok!<\/p>\n<p>Ja, jag \u00e4r introvert. Det tog mig typ 35 \u00e5r att f\u00f6rst\u00e5 det och ta till mig det som en del &#8211; en v\u00e4rdefull del! &#8211; av min personlighet. Ni som l\u00e4ser denna blogg kanske tycker att jag \u00e4r ut\u00e5triktad och utl\u00e4mnande, jag ber\u00e4ttar ju \u00e4nd\u00e5 mer om mig sj\u00e4lv h\u00e4r \u00e4n vad m\u00e5nga andra g\u00f6r. Men f\u00f6r mig som introvert \u00e4r min blogg och Facebook i stort min enda ventil. F\u00f6r \u00e4ven om jag inte uppskattar att prata med en massa nya m\u00e4nniskor hela tiden vill jag fortfarande ha bekr\u00e4ftelse och uppm\u00e4rksamhet. M\u00e5h\u00e4nda \u00e4r jag inte social, men jag har all social kompetens som kr\u00e4vs. Att vara introvert \u00e4r ingen sjukdom, det \u00e4r inget som du blir diagnosticerad eller m\u00e5ste f\u00e5 bekr\u00e4ftat av en l\u00e4kare. Det \u00e4r bara en del av din personlighet.<\/p>\n<p><a href=\"http:\/\/distilleryimage9.s3.amazonaws.com\/d2b1e59ecf9311e2b0f022000a9f1369_7.jpg\"><img loading=\"lazy\" decoding=\"async\" class=\"alignright\" alt=\"\" src=\"http:\/\/distilleryimage9.s3.amazonaws.com\/d2b1e59ecf9311e2b0f022000a9f1369_7.jpg\" width=\"132\" height=\"132\" \/><\/a><a href=\"http:\/\/distilleryimage10.s3.amazonaws.com\/fe6d2f1ccd5f11e2948222000a1f9307_7.jpg\"><img loading=\"lazy\" decoding=\"async\" class=\"alignright\" alt=\"\" src=\"http:\/\/distilleryimage10.s3.amazonaws.com\/fe6d2f1ccd5f11e2948222000a1f9307_7.jpg\" width=\"132\" height=\"132\" \/><\/a>Den h\u00e4r boken var som sagt en enorm \u00f6gon\u00f6ppnare f\u00f6r mig, stora tunga stenar har fallit fr\u00e5n mina axlar senaste veckan. Ett stycke gjorde s\u00e5 ont att jag tom gr\u00e4t, det var s\u00e5 mycket som fick sin f\u00f6rklaring och gav mig s\u00e5 mycket kraft i att jag faktiskt inte var sjuk i huvudet. Jag f\u00f6redrar bara mitt eget s\u00e4llskap s\u00e5 mycket mer \u00e4n n\u00e5gon annans. Boken tar upp flera exempel p\u00e5 skillnaden mellan introverta och extroverta, liksom hur f\u00f6rfattaren Linus Jonkman upplevt olika situationer och l\u00e4rt sig hantera dem. Han ber\u00e4ttar om hur vi fungerar i arbetslivet och vilken ledare som \u00e4r b\u00e4st med mera. Det \u00e4r ingen ren faktabok, men en f\u00f6rsta introduktion f\u00f6r dig som vill veta mer.<\/p>\n<p>F\u00f6r egen del kan jag bara s\u00e4ga att t\u00e4nk om jag f\u00f6rst\u00e5tt att det var introvert jag \u00e4r n\u00e4r jag gick i skolan. N\u00e4r jag ans\u00e5gs konstig f\u00f6r att jag hade s\u00e5 sv\u00e5rt med de sociala sammanhangen. T\u00e4nk om min sj\u00e4lvvalda (och p\u00e5tvingade) ensamhet kunde bli accepterad av mig och andra &#8211; d\u00e5 hade kanske mitt liv varit s\u00e5 annorlunda idag. T\u00e4nk om jag tidigt f\u00f6rst\u00e5tt hur det h\u00e4ngde ihop och inte gjort v\u00e5ld p\u00e5 mig sj\u00e4lv f\u00f6r att passa in i en extrovert omgivning. Eller t\u00e4nk om mina idioter till chefer p\u00e5 tidigare arbeten kunde f\u00f6rst\u00e5 hur jag fungerar och gett mig den tid jag beh\u00f6vde f\u00f6r att bli bekv\u00e4m?<\/p>\n<p>L\u00e4s den h\u00e4r f\u00f6r b\u00f6velen! L\u00e4s den och l\u00e4s sedan en till (exempelvis \u00a0<a href=\"http:\/\/www.bokus.com\/bok\/9789127134805\/tyst-de-introvertas-betydelse-i-ett-samhalle-dar-alla-hors-och-syns\/\" target=\"_blank\">Tyst: de introvertas betydelse i ett samh\u00e4lle d\u00e4r alla h\u00f6rs och syns\u00a0av\u00a0Susan Cain<\/a>) och VAR STOLT! Du \u00e4r inte onormal! Du \u00e4r inte psyksjuk! Du \u00e4r inte asocial!!<\/p>\n<p>Du \u00e4r bara introvert!<\/p>\n<p><em>ps. L\u00e4s inledningen i provl\u00e4sningen p\u00e5 Bokus, det \u00e4r en s\u00e5 klockren beskrivning&#8230; ds.<\/em><\/p>\n<p><strong>Betyg:<\/strong> 5 av 5 | <strong>Genre:<\/strong> Fakta psykologi |\u00a0<strong>ISBN:<\/strong>\u00a09789137140483 |\u00a0<strong>Sidor:<\/strong>\u00a0243<\/p>\n<blockquote><p>En underskattad personlighetstyp<\/p>\n<p>T\u00e4nker du f\u00f6rst och talar sen eller talar du f\u00f6rst och t\u00e4nker sen? Blir du besv\u00e4rad n\u00e4r expediter kommer fram till dig i aff\u00e4ren eller tycker du bara att det \u00e4r trevligt? \u00c4r du mest kreativ n\u00e4r du arbetar ensam eller n\u00e4r du arbetar i grupp?<\/p>\n<p>I v\u00e5r tid verkar &#8221;ut\u00e5triktad och flexibel&#8221; vara de mest efters\u00f6kta egenskaperna p\u00e5 arbetsmarknaden, social kompetens v\u00e4rderas h\u00f6gre \u00e4n yrkeskompetens och den som skriker h\u00f6gst f\u00e5r oftast som den vill. Det \u00e4r en tid d\u00e4r in\u00e5triktade, eftert\u00e4nksamma och stillsamma karakt\u00e4rsdrag har klassats som mentala sjukdomstillst\u00e5nd. En tid d\u00e4r introversion ofta f\u00f6rv\u00e4xlas med blyghet, arrogans och asocialt beteende. Inget kunde vara mer fel.<\/p>\n<p>Om vi \u00e4r introverta eller extroverta \u00e4r en biologiskt h\u00e5rdkodad del av v\u00e5r personlighet. Detta har varit k\u00e4nt och har unders\u00f6kts av vetenskapen i mer \u00e4n hundra \u00e5r. Trots det tillkommer hela tiden ny kunskap i \u00e4mnet. Linus Jonkman tar med l\u00e4saren p\u00e5 en fascinerande resa genom den introverta v\u00e4rlden. Han ber\u00e4ttar om sina egna och andras upplevelser som introverta och f\u00f6rklarar skilnaderna p\u00e5 och likheten mellan extroverta och introverta m\u00e4nniskor. Mycket av den friktion vi upplever i v\u00e5ra liv, b\u00e5de i yrkeslivet och privat, har sin botten i mots\u00e4ttningar mellan dessa b\u00e5da l\u00e4ggningar. F\u00f6rst\u00e5elsen f\u00f6r vad det inneb\u00e4r att vara introvert har \u00f6kat avsev\u00e4rt p\u00e5 sistone. Men vi har \u00e4nnu inte sett n\u00e5gon platsannons som efterfr\u00e5gar introverta m\u00e4nniskor.<\/p>\n<p>I en v\u00e4rld d\u00e4r allt g\u00e5r fortare och fortare och d\u00e4r bruset blir starkare f\u00f6r varje dag kan det rentav vara en f\u00f6rdel att vara introvert, och de som f\u00e5tt den g\u00e5van kan skatta sig lyckliga.<\/p><\/blockquote>\n","protected":false},"excerpt":{"rendered":"<p>Ni som f\u00f6ljer mig p\u00e5 Instagram har sett bilder och utdrag fr\u00e5n denna bok den senaste veckan. Utdrag som s\u00e4rskilt mycket appelerat p\u00e5 mig och &hellip; <\/p>\n","protected":false},"author":1,"featured_media":0,"comment_status":"open","ping_status":"open","sticky":false,"template":"","format":"standard","meta":{"footnotes":""},"categories":[424],"tags":[512],"_links":{"self":[{"href":"http:\/\/vackerunderbar.se\/index.php?rest_route=\/wp\/v2\/posts\/32493"}],"collection":[{"href":"http:\/\/vackerunderbar.se\/index.php?rest_route=\/wp\/v2\/posts"}],"about":[{"href":"http:\/\/vackerunderbar.se\/index.php?rest_route=\/wp\/v2\/types\/post"}],"author":[{"embeddable":true,"href":"http:\/\/vackerunderbar.se\/index.php?rest_route=\/wp\/v2\/users\/1"}],"replies":[{"embeddable":true,"href":"http:\/\/vackerunderbar.se\/index.php?rest_route=%2Fwp%2Fv2%2Fcomments&post=32493"}],"version-history":[{"count":7,"href":"http:\/\/vackerunderbar.se\/index.php?rest_route=\/wp\/v2\/posts\/32493\/revisions"}],"predecessor-version":[{"id":56631,"href":"http:\/\/vackerunderbar.se\/index.php?rest_route=\/wp\/v2\/posts\/32493\/revisions\/56631"}],"wp:attachment":[{"href":"http:\/\/vackerunderbar.se\/index.php?rest_route=%2Fwp%2Fv2%2Fmedia&parent=32493"}],"wp:term":[{"taxonomy":"category","embeddable":true,"href":"http:\/\/vackerunderbar.se\/index.php?rest_route=%2Fwp%2Fv2%2Fcategories&post=32493"},{"taxonomy":"post_tag","embeddable":true,"href":"http:\/\/vackerunderbar.se\/index.php?rest_route=%2Fwp%2Fv2%2Ftags&post=32493"}],"curies":[{"name":"wp","href":"https:\/\/api.w.org\/{rel}","templated":true}]}}