{"id":31701,"date":"2013-05-10T13:38:08","date_gmt":"2013-05-10T11:38:08","guid":{"rendered":"http:\/\/www.vackerunderbar.se\/?p=31701"},"modified":"2014-06-03T18:44:29","modified_gmt":"2014-06-03T16:44:29","slug":"holofredag-layla-15-misty-blush","status":"publish","type":"post","link":"http:\/\/vackerunderbar.se\/?p=31701","title":{"rendered":"Holofredag: Layla &#8211; 15 Misty Blush"},"content":{"rendered":"<p><a href=\"http:\/\/www.vackerunderbar.se\/wp-content\/uploads\/2013\/05\/layla-15-mistyblush-3.jpg\"><img loading=\"lazy\" decoding=\"async\" alt=\"layla-15-mistyblush-3\" src=\"http:\/\/www.vackerunderbar.se\/wp-content\/uploads\/2013\/05\/layla-15-mistyblush-3-690x459.jpg\" width=\"690\" height=\"459\" \/><\/a><\/p>\n<p>Fredag! Fast det k\u00e4nns som en l\u00f6rdag allra minst, eller hur? Men det \u00e4r fredag och det \u00e4r dags f\u00f6r holofredag! <a href=\"http:\/\/skimmerskuggan.blogspot.com\/\" target=\"_blank\">Bes\u00f6k Kerstin f\u00f6r fler underbara holos<\/a>, jag skulle tro att hon \u00e4r tillbaka fr\u00e5n semestern nu och k\u00f6r holofredag som vanligt.<\/p>\n<p>Idag vill jag visa er en helt underbar holo fr\u00e5n <strong>Layla &#8211; 15 Misty Blush<\/strong>! F\u00e4rgen \u00e4r sv\u00e5rbeskrivbar, men en blandning mellan brun och lila utan att g\u00e5 alltf\u00f6r mycket i brunt. Men detta \u00e4r en holo som \u00e4r n\u00e5got s\u00e5 ovanligt som vacker i vanligt dagsljus! Allts\u00e5, inomhus. Lacket \u00e4r med andra ord vackert i sig och ger faktiskt regnb\u00e5gar \u00e4ven i skugga &#8211; det kr\u00e4vs ingen sol f\u00f6r att de ska synas tydligt. Bilderna jag visar \u00e4r tagna b\u00e5de i mulet dagsljus och i solen. Bilderna tagna i mulet dagsljus visar f\u00e4rgen b\u00e4st.<\/p>\n<p>Tror det blev tre lager till slut, fick en dragning p\u00e5 ringfingret som syns lite men annars hade nog tv\u00e5 lager r\u00e4ckt. L\u00e4tt att m\u00e5la med som alla Laylas holos har varit, l\u00e4tt att f\u00e5 fina kanter och med aqua base (NfuOhs &#8211; finns p\u00e5 Nailmail denna m\u00e5nad!) var det bara en nagel som kr\u00e5nglade. Torkade snabbt som ett kicks och ger en j\u00e4mn och fin yta.<\/p>\n<p>Personligen \u00e4lskar jag holos och jag \u00e4lskar detta lacket. Kan t\u00e4nkas vara en favorit bland Laylas lack, fattar inte varf\u00f6r jag inte k\u00f6pte det tidigare! <a href=\"http:\/\/www.nailmail.se\/shop\/layla-hologram-effect\/453-layla-he15-misty-blush-hologram-effect.html\" target=\"_blank\">Om du \u00e4r snabb kan du k\u00f6pa detta p\u00e5 Nailmail<\/a>, finns tre stycken kvar s\u00e5 skynda dig!<\/p>\n<p><a href=\"http:\/\/www.vackerunderbar.se\/wp-content\/uploads\/2013\/05\/layla-15-mistyblush-1.jpg\"><img loading=\"lazy\" decoding=\"async\" class=\"alignnone size-large wp-image-31702\" alt=\"layla-15-mistyblush-1\" src=\"http:\/\/www.vackerunderbar.se\/wp-content\/uploads\/2013\/05\/layla-15-mistyblush-1-690x459.jpg\" width=\"690\" height=\"459\" \/><\/a><a href=\"http:\/\/www.vackerunderbar.se\/wp-content\/uploads\/2013\/05\/layla-15-mistyblush-2.jpg\"><img loading=\"lazy\" decoding=\"async\" class=\"alignnone size-large wp-image-31703\" alt=\"layla-15-mistyblush-2\" src=\"http:\/\/www.vackerunderbar.se\/wp-content\/uploads\/2013\/05\/layla-15-mistyblush-2-690x459.jpg\" width=\"690\" height=\"459\" \/><\/a><a href=\"http:\/\/www.vackerunderbar.se\/wp-content\/uploads\/2013\/05\/layla-15-mistyblush-5.jpg\"><img loading=\"lazy\" decoding=\"async\" class=\"alignnone size-large wp-image-31706\" alt=\"layla-15-mistyblush-5\" src=\"http:\/\/www.vackerunderbar.se\/wp-content\/uploads\/2013\/05\/layla-15-mistyblush-5-690x459.jpg\" width=\"690\" height=\"459\" \/><\/a><a href=\"http:\/\/www.vackerunderbar.se\/wp-content\/uploads\/2013\/05\/layla-15-mistyblush-4.jpg\"><img loading=\"lazy\" decoding=\"async\" class=\"alignnone size-large wp-image-31705\" alt=\"layla-15-mistyblush-4\" src=\"http:\/\/www.vackerunderbar.se\/wp-content\/uploads\/2013\/05\/layla-15-mistyblush-4-690x514.jpg\" width=\"690\" height=\"514\" \/><\/a><a href=\"http:\/\/www.vackerunderbar.se\/wp-content\/uploads\/2013\/05\/layla-15-mistyblush-6.jpg\"><img loading=\"lazy\" decoding=\"async\" class=\"alignnone size-large wp-image-31707\" alt=\"layla-15-mistyblush-6\" src=\"http:\/\/www.vackerunderbar.se\/wp-content\/uploads\/2013\/05\/layla-15-mistyblush-6-690x459.jpg\" width=\"690\" height=\"459\" \/><\/a><\/p>\n","protected":false},"excerpt":{"rendered":"<p>Fredag! Fast det k\u00e4nns som en l\u00f6rdag allra minst, eller hur? Men det \u00e4r fredag och det \u00e4r dags f\u00f6r holofredag! Bes\u00f6k Kerstin f\u00f6r fler &hellip; <\/p>\n","protected":false},"author":1,"featured_media":0,"comment_status":"open","ping_status":"open","sticky":false,"template":"","format":"standard","meta":{"footnotes":""},"categories":[43],"tags":[506,434,477,433],"_links":{"self":[{"href":"http:\/\/vackerunderbar.se\/index.php?rest_route=\/wp\/v2\/posts\/31701"}],"collection":[{"href":"http:\/\/vackerunderbar.se\/index.php?rest_route=\/wp\/v2\/posts"}],"about":[{"href":"http:\/\/vackerunderbar.se\/index.php?rest_route=\/wp\/v2\/types\/post"}],"author":[{"embeddable":true,"href":"http:\/\/vackerunderbar.se\/index.php?rest_route=\/wp\/v2\/users\/1"}],"replies":[{"embeddable":true,"href":"http:\/\/vackerunderbar.se\/index.php?rest_route=%2Fwp%2Fv2%2Fcomments&post=31701"}],"version-history":[{"count":3,"href":"http:\/\/vackerunderbar.se\/index.php?rest_route=\/wp\/v2\/posts\/31701\/revisions"}],"predecessor-version":[{"id":36043,"href":"http:\/\/vackerunderbar.se\/index.php?rest_route=\/wp\/v2\/posts\/31701\/revisions\/36043"}],"wp:attachment":[{"href":"http:\/\/vackerunderbar.se\/index.php?rest_route=%2Fwp%2Fv2%2Fmedia&parent=31701"}],"wp:term":[{"taxonomy":"category","embeddable":true,"href":"http:\/\/vackerunderbar.se\/index.php?rest_route=%2Fwp%2Fv2%2Fcategories&post=31701"},{"taxonomy":"post_tag","embeddable":true,"href":"http:\/\/vackerunderbar.se\/index.php?rest_route=%2Fwp%2Fv2%2Ftags&post=31701"}],"curies":[{"name":"wp","href":"https:\/\/api.w.org\/{rel}","templated":true}]}}