{"id":31533,"date":"2013-05-02T16:15:56","date_gmt":"2013-05-02T14:15:56","guid":{"rendered":"http:\/\/www.vackerunderbar.se\/?p=31533"},"modified":"2014-06-03T17:26:39","modified_gmt":"2014-06-03T15:26:39","slug":"dagens-majblomma","status":"publish","type":"post","link":"http:\/\/vackerunderbar.se\/?p=31533","title":{"rendered":"Dagens: Majblomma"},"content":{"rendered":"<p><a href=\"http:\/\/www.vackerunderbar.se\/wp-content\/uploads\/2013\/05\/tors-0205-1.jpg\"><img loading=\"lazy\" decoding=\"async\" alt=\"tors-0205-1\" src=\"http:\/\/www.vackerunderbar.se\/wp-content\/uploads\/2013\/05\/tors-0205-1-690x514.jpg\" width=\"690\" height=\"514\" \/><\/a><\/p>\n<p>Dags f\u00f6r jobb igen d\u00e5, i mina bylsiga svarta j\u00e4vla arbetskl\u00e4der som skaver p\u00e5 insidan l\u00e5ren&#8230; Bl\u00e5ser g\u00f6r det ocks\u00e5!<\/p>\n<p>Men, jag \u00e4r r\u00e4tt glad \u00e4nd\u00e5 =) Lite tr\u00f6tt, s\u00e5 hoppas att kaffet jag drack efter lunch fortfarande verkar nu n\u00e4r ni l\u00e4ser detta! Idag har jag anv\u00e4nt en kombo av Flamenco och Regent, samt en bl\u00e5svart eyeliner. Knepigt det h\u00e4r med solskydd och foundation, men jag tror jag har hittat en kombo som funkar ganska bra. Fick pudra ner lite p\u00e5 lunchen men inte s\u00e5 farligt.<\/p>\n<p>Ska bli sk\u00f6nt att vara ledig i helgen, kanske g\u00e5r vi ut med katterna eller \u00e5ker till en vitsippig backe?<\/p>\n<p><a href=\"http:\/\/www.vackerunderbar.se\/wp-content\/uploads\/2013\/05\/tors-0205-2.jpg\"><img loading=\"lazy\" decoding=\"async\" class=\"alignnone size-medium wp-image-31535\" alt=\"tors-0205-2\" src=\"http:\/\/www.vackerunderbar.se\/wp-content\/uploads\/2013\/05\/tors-0205-2-340x226.jpg\" width=\"340\" height=\"226\" \/><\/a><a href=\"http:\/\/www.vackerunderbar.se\/wp-content\/uploads\/2013\/05\/tors-0205-3.jpg\"><img loading=\"lazy\" decoding=\"async\" class=\"alignnone size-medium wp-image-31536\" alt=\"tors-0205-3\" src=\"http:\/\/www.vackerunderbar.se\/wp-content\/uploads\/2013\/05\/tors-0205-3-340x226.jpg\" width=\"340\" height=\"226\" \/><\/a><\/p>\n<p>\u2014<\/p>\n<h4>Produktlista<\/h4>\n<p><strong>Hud<\/strong><br \/>\nFoundation: Lanc\u00f4me Teint Idole<br \/>\nConcealer: BareMinerals concealer<br \/>\nRouge: BareMinerals Ready Rouge &#8211; Close Call<\/p>\n<p><strong>\u00d6gon<\/strong><br \/>\n\u00d6gonskuggeprimer: Too Faced Shadow Insurence<br \/>\n\u00d6gonskuggor: Make Up Store Microshadow \u2013 Flamenco, Regent<br \/>\nMascara: Clinique Waterproof Mascara<br \/>\nEyeliner: Ok\u00e4nt m\u00e4rke<br \/>\n\u00d6gonbryn: Clinique<\/p>\n<p>L\u00e4ppar: Organiqs<\/p>\n","protected":false},"excerpt":{"rendered":"<p>Dags f\u00f6r jobb igen d\u00e5, i mina bylsiga svarta j\u00e4vla arbetskl\u00e4der som skaver p\u00e5 insidan l\u00e5ren&#8230; Bl\u00e5ser g\u00f6r det ocks\u00e5! Men, jag \u00e4r r\u00e4tt glad &hellip; <\/p>\n","protected":false},"author":1,"featured_media":0,"comment_status":"open","ping_status":"open","sticky":false,"template":"","format":"standard","meta":{"footnotes":""},"categories":[421],"tags":[505],"_links":{"self":[{"href":"http:\/\/vackerunderbar.se\/index.php?rest_route=\/wp\/v2\/posts\/31533"}],"collection":[{"href":"http:\/\/vackerunderbar.se\/index.php?rest_route=\/wp\/v2\/posts"}],"about":[{"href":"http:\/\/vackerunderbar.se\/index.php?rest_route=\/wp\/v2\/types\/post"}],"author":[{"embeddable":true,"href":"http:\/\/vackerunderbar.se\/index.php?rest_route=\/wp\/v2\/users\/1"}],"replies":[{"embeddable":true,"href":"http:\/\/vackerunderbar.se\/index.php?rest_route=%2Fwp%2Fv2%2Fcomments&post=31533"}],"version-history":[{"count":1,"href":"http:\/\/vackerunderbar.se\/index.php?rest_route=\/wp\/v2\/posts\/31533\/revisions"}],"predecessor-version":[{"id":31537,"href":"http:\/\/vackerunderbar.se\/index.php?rest_route=\/wp\/v2\/posts\/31533\/revisions\/31537"}],"wp:attachment":[{"href":"http:\/\/vackerunderbar.se\/index.php?rest_route=%2Fwp%2Fv2%2Fmedia&parent=31533"}],"wp:term":[{"taxonomy":"category","embeddable":true,"href":"http:\/\/vackerunderbar.se\/index.php?rest_route=%2Fwp%2Fv2%2Fcategories&post=31533"},{"taxonomy":"post_tag","embeddable":true,"href":"http:\/\/vackerunderbar.se\/index.php?rest_route=%2Fwp%2Fv2%2Ftags&post=31533"}],"curies":[{"name":"wp","href":"https:\/\/api.w.org\/{rel}","templated":true}]}}