{"id":31338,"date":"2013-04-23T17:52:22","date_gmt":"2013-04-23T15:52:22","guid":{"rendered":"http:\/\/www.vackerunderbar.se\/?p=31338"},"modified":"2014-06-03T18:56:31","modified_gmt":"2014-06-03T16:56:31","slug":"sagverksungen-av-vibeke-olsson","status":"publish","type":"post","link":"http:\/\/vackerunderbar.se\/?p=31338","title":{"rendered":"S\u00e5gverksungen av Vibeke Olsson"},"content":{"rendered":"<p><figure style=\"width: 160px\" class=\"wp-caption alignleft\"><a href=\"http:\/\/www.bokus.com\/bok\/9789173870580\/sagverksungen\/\"><img loading=\"lazy\" decoding=\"async\" alt=\"\" src=\"http:\/\/image.bokus.com\/images2\/9789173871808_200_sagverksungen_e-bok\" width=\"160\" height=\"247\" \/><\/a><figcaption class=\"wp-caption-text\">Klicka p\u00e5 bilden f\u00f6r att komma till Bokus!<\/figcaption><\/figure>Jag har f\u00e5tt en ny serie b\u00f6cker av mamma att l\u00e4sa, <a href=\"http:\/\/www.bokus.com\/cgi-bin\/product_search.cgi?series=Bricken\" target=\"_blank\">serien kallas Bricken p\u00e5 Bokus<\/a> och finns i fyra delar. Den f\u00f6rsta delen heter allts\u00e5 <strong>S\u00e5gverksungen av Vibeke Olsson<\/strong> och handlar om Bricken, 11 \u00e5r gammal s\u00e5gverksunge.<\/p>\n<p>S\u00e5gverksunge allts\u00e5, det vill s\u00e4ga de barn som arbetade p\u00e5 s\u00e5gverket under sena 1800-talet. Bricken \u00e4r str\u00f6flicka p\u00e5 Svartviks s\u00e5gverk, ett verk som l\u00e5g nerstr\u00f6ms fr\u00e5n Sunsdvall. Boken utspelar sig 1879 och \u00e4r skriven utifr\u00e5n Brickens tankar och spr\u00e5k, det \u00e4r skickligt balanserat p\u00e5 f\u00f6r barnsligt och intressanta funderingar. Men det lugna livet med fasta rutiner blir abrupt avbrutet n\u00e4r strejken bryter ut i Svartvik och p\u00e5 de andra s\u00e5gverken runt Sundsdvall. Den h\u00e4r strejken var en av de f\u00f6rsta i Sverige, d\u00e4r fler \u00e4n 5000 arbetare under en vecka stoppade arbetet. Det var inte olagligt att strejka, men det fanns inga fackf\u00f6rbund och n\u00e4r landsh\u00f6vdingen hotade med milit\u00e4rer och tv\u00e5ngsf\u00f6rflyttning avbr\u00f6ts strejken.<\/p>\n<p><a href=\"http:\/\/sv.wikipedia.org\/wiki\/Sundsvallsstrejken\" target=\"_blank\">Du kan l\u00e4sa mer om den h\u00e4r strejken h\u00e4r p\u00e5 Wikipedia om du \u00e4r intresserad.<\/a><\/p>\n<p>Boken \u00e4r som sagt var skickligt skriven s\u00e5 att det \u00e4r Brickens perspektiv som tas. Den \u00e4r sp\u00e4nnande och historiskt intressant, om en tid d\u00e4r arbetare var de som fick landet att snurra men som inte uppskattades f\u00f6r sitt slit. Arbetarna levde i sm\u00e5 baracker, hela familjer i ett enda rum d\u00e4r katterna st\u00e4ndigt fick nya ungar liksom arbetarnas fruar. M\u00e5nga kom fr\u00e5n tuffa bondef\u00f6rh\u00e5llanden med sv\u00e5r sv\u00e4lt, vilket ocks\u00e5 pr\u00e4glade strejken och r\u00e4dslan som utl\u00f6ste den.<\/p>\n<p>Mycket intressant allts\u00e5, jag ser fram emot resten av delarna!<\/p>\n<p><strong>Betyg:<\/strong> 3 av 5 | <strong>Genre:<\/strong> Historisk roman | <strong>ISBN:<\/strong> 9789173870580 | <strong>Sidor:<\/strong> 372<\/p>\n<blockquote><p>Pl\u00f6tsligt \u00e4r jag inf\u00e5ngad av starka armar och nerlyft fr\u00e5n stabben. Jag blir s\u00e5 r\u00e4dd att alla tankar f\u00f6rsvinner.<\/p>\n<p>&#8211; Nu \u00e4r det f\u00e4rdigarbetat f\u00f6r idag, s\u00e4ger han som lyfter ner mig.<\/p>\n<p>Jag vill fr\u00e5ga vad han menar, klockan \u00e4r v\u00e4l inte ens halv fem, men jag f\u00e5r inte fram ett ord.<\/p>\n<p>Pl\u00f6tsligt \u00e4r det tyst i Svartvik. Gnisslet, braken och r\u00f6sterna som h\u00f6rs dygnets alla timmar utom p\u00e5 s\u00f6ndagarna finns bara inte l\u00e4ngre.<\/p>\n<p>Det \u00e4r tyst i de andra s\u00e5gverken ocks\u00e5, alla Sundsvallstraktens s\u00e5gverk utom ett.<\/p>\n<p>Brickens pappa l\u00e5ter henne inte vara med och strejka p\u00e5 riktigt, fast\u00e4n hon vill och fast\u00e4n hon \u00e4r en riktig arbeterska, en str\u00f6flicka som b\u00f6rjar jobba vid halv sex varje morgon.<\/p>\n<p>Strejken \u00e4r f\u00f6r vuxna karlar, s\u00e4ger pappa Edvin, den \u00e4r f\u00f6r plankb\u00e4rare och hj\u00e4lps\u00e5gare och andra som f\u00e5tt l\u00f6nen s\u00e4nkt till under f\u00f6rra \u00e5rets niv\u00e5 och inte har r\u00e5d med mj\u00f6lk till gr\u00f6ten l\u00e4ngre. Trots att s\u00e5gverken fick tre miljoner fr\u00e5n svenska staten.<\/p>\n<p>Pappa, som fick sluta som plankb\u00e4rare n\u00e4r hans axel sj\u00f6nk ihop och bli hj\u00e4lps\u00e5gare ist\u00e4llet, g\u00e5r till Skarpskyttel\u00e4gret tillsammans med de andra som strejkar. Nu n\u00e4r de \u00e4r s\u00e5 m\u00e5nga m\u00e5ste v\u00e4l \u00e4nd\u00e5 s\u00e5gverkspatronerna lyssna p\u00e5 dem!<\/p><\/blockquote>\n","protected":false},"excerpt":{"rendered":"<p>Jag har f\u00e5tt en ny serie b\u00f6cker av mamma att l\u00e4sa, serien kallas Bricken p\u00e5 Bokus och finns i fyra delar. Den f\u00f6rsta delen heter &hellip; <\/p>\n","protected":false},"author":1,"featured_media":0,"comment_status":"open","ping_status":"open","sticky":false,"template":"","format":"standard","meta":{"footnotes":""},"categories":[424],"tags":[512],"_links":{"self":[{"href":"http:\/\/vackerunderbar.se\/index.php?rest_route=\/wp\/v2\/posts\/31338"}],"collection":[{"href":"http:\/\/vackerunderbar.se\/index.php?rest_route=\/wp\/v2\/posts"}],"about":[{"href":"http:\/\/vackerunderbar.se\/index.php?rest_route=\/wp\/v2\/types\/post"}],"author":[{"embeddable":true,"href":"http:\/\/vackerunderbar.se\/index.php?rest_route=\/wp\/v2\/users\/1"}],"replies":[{"embeddable":true,"href":"http:\/\/vackerunderbar.se\/index.php?rest_route=%2Fwp%2Fv2%2Fcomments&post=31338"}],"version-history":[{"count":1,"href":"http:\/\/vackerunderbar.se\/index.php?rest_route=\/wp\/v2\/posts\/31338\/revisions"}],"predecessor-version":[{"id":31370,"href":"http:\/\/vackerunderbar.se\/index.php?rest_route=\/wp\/v2\/posts\/31338\/revisions\/31370"}],"wp:attachment":[{"href":"http:\/\/vackerunderbar.se\/index.php?rest_route=%2Fwp%2Fv2%2Fmedia&parent=31338"}],"wp:term":[{"taxonomy":"category","embeddable":true,"href":"http:\/\/vackerunderbar.se\/index.php?rest_route=%2Fwp%2Fv2%2Fcategories&post=31338"},{"taxonomy":"post_tag","embeddable":true,"href":"http:\/\/vackerunderbar.se\/index.php?rest_route=%2Fwp%2Fv2%2Ftags&post=31338"}],"curies":[{"name":"wp","href":"https:\/\/api.w.org\/{rel}","templated":true}]}}