{"id":3089,"date":"2009-02-19T21:02:01","date_gmt":"2009-02-19T20:02:01","guid":{"rendered":"http:\/\/www.vackerunderbar.se\/?p=3089"},"modified":"2014-06-03T16:44:23","modified_gmt":"2014-06-03T14:44:23","slug":"tjejer-sola-inte-solarium","status":"publish","type":"post","link":"http:\/\/vackerunderbar.se\/?p=3089","title":{"rendered":"Tjejer, sola inte solarium!"},"content":{"rendered":"<figure style=\"width: 210px\" class=\"wp-caption alignleft\"><img loading=\"lazy\" decoding=\"async\" src=\"http:\/\/gfx.aftonbladet-cdn.se\/multimedia\/dynamic\/00860\/solarie3_860472b.jpg\" alt=\"\" width=\"210\" height=\"324\" \/><figcaption class=\"wp-caption-text\">Nej, hon har inte BH p\u00e5 sig. P\u00e5 bilden allts\u00e5. Aj! Bild l\u00e5nad fr\u00e5n Aftonbladet.<\/figcaption><\/figure>\n<p>Ni kanske tycker jag \u00e4r en mossig gammal k\u00e4rring nu, men tjejer: sola inte solarium! Jag solade en del i solarium n\u00e4r jag var yngre, men jag har aldrig solat s\u00e5 mycket att jag faktiskt fick en ordentlig br\u00e4nna. Jag tycker det \u00e4r f\u00f6r tr\u00e5kigt, men framf\u00f6rallt \u00e4r det ju inte nyttigt att sola i solarium. Tyv\u00e4rr har jag ocks\u00e5 br\u00e4nt mig r\u00e4tt mycket i mina dar s\u00e5 jag kommer s\u00e4kerligen f\u00e5 k\u00e4nna av konsekvenserna senare, framf\u00f6rallt p\u00e5 axlarna.<\/p>\n<p>Jag solar g\u00e4rna utomhus men \u00e4r r\u00e4tt noga med solskydd iaf. Men jag f\u00f6rst\u00e5r inte det d\u00e4r pepparkaksbruna modet. Det \u00e4r inte snyggt p\u00e5 blonda tjejer. D\u00e4r \u00e4r en grej som \u00e4r lite rolig med Facebook, alla mina klasskompisar fr\u00e5n h\u00f6gstadiet ser bra mycket \u00e4ldre ut \u00e4n mig eftersom de solat s\u00e5 mycket. Anders tror alltid att de \u00e4r \u00e4ldre \u00e4n 35 n\u00e4r han ser dem p\u00e5 bild.<\/p>\n<p><a href=\"http:\/\/www.aftonbladet.se\/kropphalsa\/article4458400.ab\" target=\"_blank\">H\u00e4r har ni en annan tjej som r\u00e5kat riktigt illa ut!<\/a> G\u00f6r inte samma misstag!<\/p>\n","protected":false},"excerpt":{"rendered":"<p>Ni kanske tycker jag \u00e4r en mossig gammal k\u00e4rring nu, men tjejer: sola inte solarium! Jag solade en del i solarium n\u00e4r jag var yngre, &hellip; <\/p>\n","protected":false},"author":1,"featured_media":0,"comment_status":"open","ping_status":"open","sticky":false,"template":"","format":"standard","meta":{"footnotes":""},"categories":[448],"tags":[],"_links":{"self":[{"href":"http:\/\/vackerunderbar.se\/index.php?rest_route=\/wp\/v2\/posts\/3089"}],"collection":[{"href":"http:\/\/vackerunderbar.se\/index.php?rest_route=\/wp\/v2\/posts"}],"about":[{"href":"http:\/\/vackerunderbar.se\/index.php?rest_route=\/wp\/v2\/types\/post"}],"author":[{"embeddable":true,"href":"http:\/\/vackerunderbar.se\/index.php?rest_route=\/wp\/v2\/users\/1"}],"replies":[{"embeddable":true,"href":"http:\/\/vackerunderbar.se\/index.php?rest_route=%2Fwp%2Fv2%2Fcomments&post=3089"}],"version-history":[{"count":5,"href":"http:\/\/vackerunderbar.se\/index.php?rest_route=\/wp\/v2\/posts\/3089\/revisions"}],"predecessor-version":[{"id":60309,"href":"http:\/\/vackerunderbar.se\/index.php?rest_route=\/wp\/v2\/posts\/3089\/revisions\/60309"}],"wp:attachment":[{"href":"http:\/\/vackerunderbar.se\/index.php?rest_route=%2Fwp%2Fv2%2Fmedia&parent=3089"}],"wp:term":[{"taxonomy":"category","embeddable":true,"href":"http:\/\/vackerunderbar.se\/index.php?rest_route=%2Fwp%2Fv2%2Fcategories&post=3089"},{"taxonomy":"post_tag","embeddable":true,"href":"http:\/\/vackerunderbar.se\/index.php?rest_route=%2Fwp%2Fv2%2Ftags&post=3089"}],"curies":[{"name":"wp","href":"https:\/\/api.w.org\/{rel}","templated":true}]}}