{"id":30747,"date":"2013-03-18T22:00:33","date_gmt":"2013-03-18T21:00:33","guid":{"rendered":"http:\/\/www.vackerunderbar.se\/?p=30747"},"modified":"2014-06-03T18:56:10","modified_gmt":"2014-06-03T16:56:10","slug":"vecka-11-med-instagram","status":"publish","type":"post","link":"http:\/\/vackerunderbar.se\/?p=30747","title":{"rendered":"Vecka 11 med Instagram"},"content":{"rendered":"<p>Ok, en vecka har passerat! En vecka som inleddes med en sjuk Nadine som blev kvar en dag extra, ett bes\u00f6k i Stockholm, jobb som vanligt och s\u00e5 promenader i solen.<\/p>\n<p>Vi tar en titt! Och f\u00f6rl\u00e5t \u00e5terigen f\u00f6r att jag slarvat med att svara p\u00e5 kommentarerna! Jag har fokuserat p\u00e5 min Anders och att producera inl\u00e4gg, har inte hunnit med att svara p\u00e5 kommentarer ocks\u00e5. Ska g\u00f6ra det under morgondagen!<\/p>\n<p><a href=\"http:\/\/www.vackerunderbar.se\/wp-content\/uploads\/2013\/03\/IMG_20130311_135817.jpg\"><img loading=\"lazy\" decoding=\"async\" class=\"alignnone size-medium wp-image-30748\" alt=\"IMG_20130311_135817\" src=\"http:\/\/www.vackerunderbar.se\/wp-content\/uploads\/2013\/03\/IMG_20130311_135817-340x340.jpg\" width=\"340\" height=\"340\" \/><\/a><a href=\"http:\/\/www.vackerunderbar.se\/wp-content\/uploads\/2013\/03\/IMG_20130311_162223.jpg\"><img loading=\"lazy\" decoding=\"async\" class=\"alignnone size-medium wp-image-30749\" alt=\"IMG_20130311_162223\" src=\"http:\/\/www.vackerunderbar.se\/wp-content\/uploads\/2013\/03\/IMG_20130311_162223-340x340.jpg\" width=\"340\" height=\"340\" \/><\/a><a href=\"http:\/\/www.vackerunderbar.se\/wp-content\/uploads\/2013\/03\/IMG_20130311_162827.jpg\"><img loading=\"lazy\" decoding=\"async\" class=\"alignnone size-medium wp-image-30750\" alt=\"IMG_20130311_162827\" src=\"http:\/\/www.vackerunderbar.se\/wp-content\/uploads\/2013\/03\/IMG_20130311_162827-340x340.jpg\" width=\"340\" height=\"340\" \/><\/a><a href=\"http:\/\/www.vackerunderbar.se\/wp-content\/uploads\/2013\/03\/IMG_20130311_163610.jpg\"><img loading=\"lazy\" decoding=\"async\" class=\"alignnone size-medium wp-image-30751\" alt=\"IMG_20130311_163610\" src=\"http:\/\/www.vackerunderbar.se\/wp-content\/uploads\/2013\/03\/IMG_20130311_163610-340x340.jpg\" width=\"340\" height=\"340\" \/><\/a><\/p>\n<p>1. M\u00e5ndagen b\u00f6rjade allts\u00e5 med hemmamys. H\u00e4r ligger Uchi och Deshi &#8211; ser ni Deshi d\u00e4r under Uchis huvud?<br \/>\n2. N\u00e4r Nadines mamma kom f\u00f6r att h\u00e4mta sjuka Nadine (hon var sjuk hela veckan stackarn!) gick jag till gymmet. H\u00e4r vattenfallet och den frusna omgivningen.<br \/>\n3. Kom ih\u00e5g, du alltid vacker! Fin streetart p\u00e5 gatan.<br \/>\n4. Mitt vackra hus i vackert kv\u00e4llsljus. I burspr\u00e5ket l\u00e4ngst ner till v\u00e4nster i det gula huset bor vi! =)<br \/>\n<a href=\"http:\/\/www.vackerunderbar.se\/wp-content\/uploads\/2013\/03\/IMG_20130312_072328.jpg\"><img loading=\"lazy\" decoding=\"async\" class=\"alignnone size-medium wp-image-30752\" alt=\"IMG_20130312_072328\" src=\"http:\/\/www.vackerunderbar.se\/wp-content\/uploads\/2013\/03\/IMG_20130312_072328-340x340.jpg\" width=\"340\" height=\"340\" \/><\/a><a href=\"http:\/\/www.vackerunderbar.se\/wp-content\/uploads\/2013\/03\/IMG_20130312_102429.jpg\"><img loading=\"lazy\" decoding=\"async\" class=\"alignnone size-medium wp-image-30753\" alt=\"IMG_20130312_102429\" src=\"http:\/\/www.vackerunderbar.se\/wp-content\/uploads\/2013\/03\/IMG_20130312_102429-340x340.jpg\" width=\"340\" height=\"340\" \/><\/a><a href=\"http:\/\/www.vackerunderbar.se\/wp-content\/uploads\/2013\/03\/IMG_20130312_121946.jpg\"><img loading=\"lazy\" decoding=\"async\" class=\"alignnone size-medium wp-image-30754\" alt=\"IMG_20130312_121946\" src=\"http:\/\/www.vackerunderbar.se\/wp-content\/uploads\/2013\/03\/IMG_20130312_121946-340x340.jpg\" width=\"340\" height=\"340\" \/><\/a><a href=\"http:\/\/www.vackerunderbar.se\/wp-content\/uploads\/2013\/03\/IMG_20130312_133112.jpg\"><img loading=\"lazy\" decoding=\"async\" class=\"alignnone size-medium wp-image-30755\" alt=\"IMG_20130312_133112\" src=\"http:\/\/www.vackerunderbar.se\/wp-content\/uploads\/2013\/03\/IMG_20130312_133112-340x340.jpg\" width=\"340\" height=\"340\" \/><\/a><\/p>\n<p>1. Tisdag morgon och vi \u00e5kte till Stockholm! En s\u00e5 himla fin soluppg\u00e5ng \u00f6ver Br\u00e5viken!<br \/>\n2. Ett av m\u00e5let f\u00f6r dagen var T\u00e4by och Sephora! Bes\u00f6ket i T\u00e4by visade sig bli lite av en terapitripp f\u00f6r Anders ocks\u00e5.<br \/>\n3. Taket i T\u00e4by Centrum, fint tycker jag!<br \/>\n4. Och s\u00e5 Tibble Kyrka, som ni fick se bilder av i g\u00e5r!<br \/>\n<a href=\"http:\/\/www.vackerunderbar.se\/wp-content\/uploads\/2013\/03\/IMG_20130312_154525.jpg\"><img loading=\"lazy\" decoding=\"async\" class=\"alignnone size-medium wp-image-30756\" alt=\"IMG_20130312_154525\" src=\"http:\/\/www.vackerunderbar.se\/wp-content\/uploads\/2013\/03\/IMG_20130312_154525-340x340.jpg\" width=\"340\" height=\"340\" \/><\/a><a href=\"http:\/\/www.vackerunderbar.se\/wp-content\/uploads\/2013\/03\/IMG_20130312_205557.jpg\"><img loading=\"lazy\" decoding=\"async\" class=\"alignnone size-medium wp-image-30757\" alt=\"IMG_20130312_205557\" src=\"http:\/\/www.vackerunderbar.se\/wp-content\/uploads\/2013\/03\/IMG_20130312_205557-340x340.jpg\" width=\"340\" height=\"340\" \/><\/a><a href=\"http:\/\/www.vackerunderbar.se\/wp-content\/uploads\/2013\/03\/IMG_20130313_062245.jpg\"><img loading=\"lazy\" decoding=\"async\" class=\"alignnone size-medium wp-image-30758\" alt=\"IMG_20130313_062245\" src=\"http:\/\/www.vackerunderbar.se\/wp-content\/uploads\/2013\/03\/IMG_20130313_062245-340x340.jpg\" width=\"340\" height=\"340\" \/><\/a><a href=\"http:\/\/www.vackerunderbar.se\/wp-content\/uploads\/2013\/03\/IMG_20130313_083509.jpg\"><img loading=\"lazy\" decoding=\"async\" class=\"alignnone size-medium wp-image-30759\" alt=\"IMG_20130313_083509\" src=\"http:\/\/www.vackerunderbar.se\/wp-content\/uploads\/2013\/03\/IMG_20130313_083509-340x340.jpg\" width=\"340\" height=\"340\" \/><\/a><\/p>\n<p>1. V\u00e4l tillbaka inne i stan bes\u00f6kte vi en annan vacker byggnad, Stockholms Stadsbibliotek! S\u00e5 otroligt vackert d\u00e4r inne!<br \/>\n2. Mina ink\u00f6p fr\u00e5n Sephora! Det d\u00e4r lacket undrar jag vart jag la&#8230; Ehm&#8230;<br \/>\n3. Onsdag morgon och detta \u00e4r vad vi vaknade till. Flera cm nysn\u00f6.<br \/>\n4. Halt var det ocks\u00e5, vi fastnade i n\u00e4ra 50 minuter precis f\u00f6re avfarten till Link\u00f6ping d\u00e4r en lastbil \u00e5kt av v\u00e4gen.<br \/>\n<a href=\"http:\/\/www.vackerunderbar.se\/wp-content\/uploads\/2013\/03\/IMG_20130313_164854.jpg\"><img loading=\"lazy\" decoding=\"async\" class=\"alignnone size-medium wp-image-30760\" alt=\"IMG_20130313_164854\" src=\"http:\/\/www.vackerunderbar.se\/wp-content\/uploads\/2013\/03\/IMG_20130313_164854-340x340.jpg\" width=\"340\" height=\"340\" \/><\/a><a href=\"http:\/\/www.vackerunderbar.se\/wp-content\/uploads\/2013\/03\/IMG_20130314_142109.jpg\"><img loading=\"lazy\" decoding=\"async\" class=\"alignnone size-medium wp-image-30761\" alt=\"IMG_20130314_142109\" src=\"http:\/\/www.vackerunderbar.se\/wp-content\/uploads\/2013\/03\/IMG_20130314_142109-340x340.jpg\" width=\"340\" height=\"340\" \/><\/a><a href=\"http:\/\/www.vackerunderbar.se\/wp-content\/uploads\/2013\/03\/IMG_20130314_155605.jpg\"><img loading=\"lazy\" decoding=\"async\" class=\"alignnone size-medium wp-image-30762\" alt=\"IMG_20130314_155605\" src=\"http:\/\/www.vackerunderbar.se\/wp-content\/uploads\/2013\/03\/IMG_20130314_155605-340x340.jpg\" width=\"340\" height=\"340\" \/><\/a><a href=\"http:\/\/www.vackerunderbar.se\/wp-content\/uploads\/2013\/03\/IMG_20130314_185312.jpg\"><img loading=\"lazy\" decoding=\"async\" class=\"alignnone size-medium wp-image-30763\" alt=\"IMG_20130314_185312\" src=\"http:\/\/www.vackerunderbar.se\/wp-content\/uploads\/2013\/03\/IMG_20130314_185312-340x340.jpg\" width=\"340\" height=\"340\" \/><\/a><\/p>\n<p>1. Men jag kom hem till slut och vi tog en tupplur med katterna! Uchi valde tv\u00e4ttkorgen ist\u00e4llet f\u00f6r s\u00e4ngen.<br \/>\n2. Torsdagen var \u00e4nnu en vacker dag i solen, sn\u00f6n h\u00f6ll p\u00e5 att f\u00f6rsvinna tack och lov.<br \/>\n3. Istappar fr\u00e5n taket.<br \/>\n4. Och s\u00e5 fick jag nyheter fr\u00e5n Kicks! Som jag inte hunnit skriva om \u00e4nnu men har testat primern och BB borsten.<br \/>\n<a href=\"http:\/\/www.vackerunderbar.se\/wp-content\/uploads\/2013\/03\/IMG_20130315_201719.jpg\"><img loading=\"lazy\" decoding=\"async\" class=\"alignnone size-medium wp-image-30764\" alt=\"IMG_20130315_201719\" src=\"http:\/\/www.vackerunderbar.se\/wp-content\/uploads\/2013\/03\/IMG_20130315_201719-340x340.jpg\" width=\"340\" height=\"340\" \/><\/a><a href=\"http:\/\/www.vackerunderbar.se\/wp-content\/uploads\/2013\/03\/IMG_20130316_103138.jpg\"><img loading=\"lazy\" decoding=\"async\" class=\"alignnone size-medium wp-image-30765\" alt=\"IMG_20130316_103138\" src=\"http:\/\/www.vackerunderbar.se\/wp-content\/uploads\/2013\/03\/IMG_20130316_103138-340x340.jpg\" width=\"340\" height=\"340\" \/><\/a><a href=\"http:\/\/www.vackerunderbar.se\/wp-content\/uploads\/2013\/03\/IMG_20130316_132320.jpg\"><img loading=\"lazy\" decoding=\"async\" class=\"alignnone size-medium wp-image-30766\" alt=\"IMG_20130316_132320\" src=\"http:\/\/www.vackerunderbar.se\/wp-content\/uploads\/2013\/03\/IMG_20130316_132320-340x340.jpg\" width=\"340\" height=\"340\" \/><\/a><a href=\"http:\/\/www.vackerunderbar.se\/wp-content\/uploads\/2013\/03\/IMG_20130316_143311.jpg\"><img loading=\"lazy\" decoding=\"async\" class=\"alignnone size-medium wp-image-30767\" alt=\"IMG_20130316_143311\" src=\"http:\/\/www.vackerunderbar.se\/wp-content\/uploads\/2013\/03\/IMG_20130316_143311-340x340.jpg\" width=\"340\" height=\"340\" \/><\/a><\/p>\n<p>1. Lite mys med Uchi. Fredag? L\u00f6rdag?<br \/>\n2. En fin n\u00e4rbild p\u00e5 Uchi. Ser ni hans \u00f6gonfransar, de som \u00e4r vid sidan av \u00f6gat? Han \u00e4r s\u00e5 himla s\u00f6t! Men lite ton\u00e5rig just nu&#8230;<br \/>\n3. Vi tog en promenad i solen p\u00e5 l\u00f6rdagen, n\u00e5gon hade gl\u00f6mt sin lunch p\u00e5 en b\u00e4nk. Vad g\u00f6r man med r\u00e4disor, en tomat, matlagningsgr\u00e4dde och en ask snus?<br \/>\n4. Och s\u00e5 gick vi f\u00f6rbi Bl\u00e5 Huset som brann h\u00e4r f\u00f6rra helgen. En kulturinstitution som f\u00f6rsvunnit, riktigt illa.<br \/>\n<a href=\"http:\/\/www.vackerunderbar.se\/wp-content\/uploads\/2013\/03\/IMG_20130317_121817.jpg\"><img loading=\"lazy\" decoding=\"async\" class=\"alignnone size-medium wp-image-30768\" alt=\"IMG_20130317_121817\" src=\"http:\/\/www.vackerunderbar.se\/wp-content\/uploads\/2013\/03\/IMG_20130317_121817-340x340.jpg\" width=\"340\" height=\"340\" \/><\/a><a href=\"http:\/\/www.vackerunderbar.se\/wp-content\/uploads\/2013\/03\/IMG_20130317_132623.jpg\"><img loading=\"lazy\" decoding=\"async\" class=\"alignnone size-medium wp-image-30769\" alt=\"IMG_20130317_132623\" src=\"http:\/\/www.vackerunderbar.se\/wp-content\/uploads\/2013\/03\/IMG_20130317_132623-340x340.jpg\" width=\"340\" height=\"340\" \/><\/a><a href=\"http:\/\/www.vackerunderbar.se\/wp-content\/uploads\/2013\/03\/IMG_20130317_135600.jpg\"><img loading=\"lazy\" decoding=\"async\" class=\"alignnone size-medium wp-image-30770\" alt=\"IMG_20130317_135600\" src=\"http:\/\/www.vackerunderbar.se\/wp-content\/uploads\/2013\/03\/IMG_20130317_135600-340x340.jpg\" width=\"340\" height=\"340\" \/><\/a><a href=\"http:\/\/www.vackerunderbar.se\/wp-content\/uploads\/2013\/03\/IMG_20130317_171111.jpg\"><img loading=\"lazy\" decoding=\"async\" class=\"alignnone size-medium wp-image-30771\" alt=\"IMG_20130317_171111\" src=\"http:\/\/www.vackerunderbar.se\/wp-content\/uploads\/2013\/03\/IMG_20130317_171111-340x340.jpg\" width=\"340\" height=\"340\" \/><\/a><\/p>\n<p>1. S\u00f6ndagen inleddes med lite balkongbes\u00f6k f\u00f6r katterna! Blir nog till att h\u00e4nga in balkongen tror jag, f\u00f6r \u00e4ven om vi inte vistas d\u00e4r ute kanske katterna gillar det.<br \/>\n2. Sedan gick vi en promenad igen. Vi i solen &#8211; spegelv\u00e4nd bild dock.<br \/>\n3. M\u00e5let var Brunnsalongen d\u00e4r det p\u00e5gick en hantverksm\u00e4ssa.<br \/>\n4. Och s\u00e5 testade jag mitt makroobjektiv som jag skrev om tidigare idag. H\u00e4r ser man verkligen hur n\u00e4ra man kan g\u00e5!<\/p>\n<p>Ja, det var den veckan. Den h\u00e4r blir inte lika utflyktig, Nadine p\u00e5 bes\u00f6k igen och jobb som vanligt. Hur var din vecka?<\/p>\n","protected":false},"excerpt":{"rendered":"<p>Ok, en vecka har passerat! En vecka som inleddes med en sjuk Nadine som blev kvar en dag extra, ett bes\u00f6k i Stockholm, jobb som &hellip; <\/p>\n","protected":false},"author":1,"featured_media":0,"comment_status":"open","ping_status":"open","sticky":false,"template":"","format":"standard","meta":{"footnotes":""},"categories":[56],"tags":[511,436],"_links":{"self":[{"href":"http:\/\/vackerunderbar.se\/index.php?rest_route=\/wp\/v2\/posts\/30747"}],"collection":[{"href":"http:\/\/vackerunderbar.se\/index.php?rest_route=\/wp\/v2\/posts"}],"about":[{"href":"http:\/\/vackerunderbar.se\/index.php?rest_route=\/wp\/v2\/types\/post"}],"author":[{"embeddable":true,"href":"http:\/\/vackerunderbar.se\/index.php?rest_route=\/wp\/v2\/users\/1"}],"replies":[{"embeddable":true,"href":"http:\/\/vackerunderbar.se\/index.php?rest_route=%2Fwp%2Fv2%2Fcomments&post=30747"}],"version-history":[{"count":4,"href":"http:\/\/vackerunderbar.se\/index.php?rest_route=\/wp\/v2\/posts\/30747\/revisions"}],"predecessor-version":[{"id":55567,"href":"http:\/\/vackerunderbar.se\/index.php?rest_route=\/wp\/v2\/posts\/30747\/revisions\/55567"}],"wp:attachment":[{"href":"http:\/\/vackerunderbar.se\/index.php?rest_route=%2Fwp%2Fv2%2Fmedia&parent=30747"}],"wp:term":[{"taxonomy":"category","embeddable":true,"href":"http:\/\/vackerunderbar.se\/index.php?rest_route=%2Fwp%2Fv2%2Fcategories&post=30747"},{"taxonomy":"post_tag","embeddable":true,"href":"http:\/\/vackerunderbar.se\/index.php?rest_route=%2Fwp%2Fv2%2Ftags&post=30747"}],"curies":[{"name":"wp","href":"https:\/\/api.w.org\/{rel}","templated":true}]}}