{"id":27781,"date":"2012-10-21T00:01:32","date_gmt":"2012-10-20T22:01:32","guid":{"rendered":"http:\/\/www.vackerunderbar.se\/?p=27781"},"modified":"2012-10-20T22:11:57","modified_gmt":"2012-10-20T20:11:57","slug":"fototriss-ett-motiv-pa-tre-satt","status":"publish","type":"post","link":"http:\/\/vackerunderbar.se\/?p=27781","title":{"rendered":"Fototriss: Ett motiv  &#8211; p\u00e5 tre s\u00e4tt"},"content":{"rendered":"<p>Dags f\u00f6r <a href=\"http:\/\/fototriss.blogspot.com\" target=\"_blank\">fototrissen<\/a> igen, denna g\u00e5ng \u00e4r temat <strong>Ett motiv &#8211; p\u00e5 tre s\u00e4tt<\/strong>. Jag valde att visa den h\u00e4r bed\u00e5rande ekorren som jag hade turen att st\u00f6ta p\u00e5 f\u00f6r n\u00e5gra veckor sedan. Till all lycka hade jag telezoomen med mig, s\u00e5 jag kom n\u00e5got lite n\u00e4rmare \u00e4n jag kunnat annars. Ofta n\u00e4r jag \u00e4r ute och fotar har jag bara min 50 mm med mig, inte mycket djurbilder blir tagna med den &#8211; let me tell ya! Men jag beh\u00f6ver verkligen nya objektiv som inte blir s\u00e5 himla brusiga&#8230;<\/p>\n<p>Men denna ekorre allts\u00e5, hen satt d\u00e4r v\u00e4ldigt l\u00e4nge och mumsade f\u00e5gelfr\u00f6n, sedan sprang hen iv\u00e4g upp i tr\u00e4d. L\u00e4gg m\u00e4rke till mittenbilden med tungan! S\u00e5 bed\u00e5rande!!!<\/p>\n<p>T\u00e4nk alla de som aldrig l\u00e4gger m\u00e4rke till allt sm\u00e5tt omkring oss. Sm\u00e5f\u00e5glar, blommor och ekorrar. Vilket fattigt liv de m\u00e5ste ha!<\/p>\n<p><a href=\"http:\/\/www.vackerunderbar.se\/wp-content\/uploads\/2012\/10\/ekorre-1.jpg\"><img loading=\"lazy\" decoding=\"async\" class=\"alignnone size-large wp-image-27782\" title=\"ekorre-1\" src=\"http:\/\/www.vackerunderbar.se\/wp-content\/uploads\/2012\/10\/ekorre-1-690x459.jpg\" alt=\"\" width=\"690\" height=\"459\" \/><\/a><a href=\"http:\/\/www.vackerunderbar.se\/wp-content\/uploads\/2012\/10\/ekorre-2.jpg\"><img loading=\"lazy\" decoding=\"async\" class=\"alignnone size-full wp-image-27783\" title=\"ekorre-2\" src=\"http:\/\/www.vackerunderbar.se\/wp-content\/uploads\/2012\/10\/ekorre-2.jpg\" alt=\"\" width=\"690\" height=\"1035\" \/><\/a><a href=\"http:\/\/www.vackerunderbar.se\/wp-content\/uploads\/2012\/10\/ekorre-3.jpg\"><img loading=\"lazy\" decoding=\"async\" class=\"alignnone size-large wp-image-27784\" title=\"ekorre-3\" src=\"http:\/\/www.vackerunderbar.se\/wp-content\/uploads\/2012\/10\/ekorre-3-690x459.jpg\" alt=\"\" width=\"690\" height=\"459\" \/><\/a><\/p>\n","protected":false},"excerpt":{"rendered":"<p>Dags f\u00f6r fototrissen igen, denna g\u00e5ng \u00e4r temat Ett motiv &#8211; p\u00e5 tre s\u00e4tt. Jag valde att visa den h\u00e4r bed\u00e5rande ekorren som jag hade &hellip; <\/p>\n","protected":false},"author":1,"featured_media":0,"comment_status":"open","ping_status":"open","sticky":false,"template":"","format":"standard","meta":{"footnotes":""},"categories":[],"tags":[],"_links":{"self":[{"href":"http:\/\/vackerunderbar.se\/index.php?rest_route=\/wp\/v2\/posts\/27781"}],"collection":[{"href":"http:\/\/vackerunderbar.se\/index.php?rest_route=\/wp\/v2\/posts"}],"about":[{"href":"http:\/\/vackerunderbar.se\/index.php?rest_route=\/wp\/v2\/types\/post"}],"author":[{"embeddable":true,"href":"http:\/\/vackerunderbar.se\/index.php?rest_route=\/wp\/v2\/users\/1"}],"replies":[{"embeddable":true,"href":"http:\/\/vackerunderbar.se\/index.php?rest_route=%2Fwp%2Fv2%2Fcomments&post=27781"}],"version-history":[{"count":5,"href":"http:\/\/vackerunderbar.se\/index.php?rest_route=\/wp\/v2\/posts\/27781\/revisions"}],"predecessor-version":[{"id":27787,"href":"http:\/\/vackerunderbar.se\/index.php?rest_route=\/wp\/v2\/posts\/27781\/revisions\/27787"}],"wp:attachment":[{"href":"http:\/\/vackerunderbar.se\/index.php?rest_route=%2Fwp%2Fv2%2Fmedia&parent=27781"}],"wp:term":[{"taxonomy":"category","embeddable":true,"href":"http:\/\/vackerunderbar.se\/index.php?rest_route=%2Fwp%2Fv2%2Fcategories&post=27781"},{"taxonomy":"post_tag","embeddable":true,"href":"http:\/\/vackerunderbar.se\/index.php?rest_route=%2Fwp%2Fv2%2Ftags&post=27781"}],"curies":[{"name":"wp","href":"https:\/\/api.w.org\/{rel}","templated":true}]}}