{"id":27149,"date":"2012-09-07T20:40:01","date_gmt":"2012-09-07T18:40:01","guid":{"rendered":"http:\/\/www.vackerunderbar.se\/?p=27149"},"modified":"2014-06-03T18:53:46","modified_gmt":"2014-06-03T16:53:46","slug":"kicks-presstraff-pa-studio-studio","status":"publish","type":"post","link":"http:\/\/vackerunderbar.se\/?p=27149","title":{"rendered":"Kicks presstr\u00e4ff p\u00e5 Studio Studio"},"content":{"rendered":"<figure id=\"attachment_27161\" aria-describedby=\"caption-attachment-27161\" style=\"width: 520px\" class=\"wp-caption aligncenter\"><a href=\"http:\/\/www.vackerunderbar.se\/wp-content\/uploads\/2012\/09\/kicks-press-7.jpg\"><img loading=\"lazy\" decoding=\"async\" class=\" wp-image-27161\" title=\"kicks-press-7\" src=\"http:\/\/www.vackerunderbar.se\/wp-content\/uploads\/2012\/09\/kicks-press-7-668x800.jpg\" alt=\"\" width=\"520\" height=\"622\" \/><\/a><figcaption id=\"caption-attachment-27161\" class=\"wp-caption-text\">Hela st\u00e4llet med Kicks egen linje! Urs\u00e4kta kass mobilbild&#8230;<\/figcaption><\/figure>\n<p style=\"text-align: left;\">Ig\u00e5r var jag och Lotta p\u00e5 Kicks presstr\u00e4ff inklusive frukost! Det blev en extremt tidig morgon, vi gick b\u00e5da upp vid fem och t\u00e5get gick 6.27. \u00c4ven om det var en h\u00e4rlig morgon med en vacker soluppg\u00e5ng \u00f6ver r\u00e5dhuset n\u00e4r jag klev ut genom grinden, s\u00e5 var vi v\u00e4ldigt s\u00f6mniga b\u00e5da tv\u00e5! Men resan och tunnelbanandet gick bra och vi anl\u00e4nde till Studio Studio i\u00a0 god tid.<\/p>\n<p>Utanf\u00f6r lokalen st\u00f6tte vi p\u00e5 <a href=\"http:\/\/lipglossbitch.se\" target=\"_blank\">Helena Lipgloss Bitch<\/a> i sin rosa frissa! F\u00f6rsta g\u00e5ngen jag tr\u00e4ffar henne \u00e4ven om jag l\u00e4s hennes blogg sedan minst 2007 och att hon inspirerade mig att b\u00f6rja anv\u00e4nda lite \u00f6gonskugga! S\u00e5 det var kul! <a href=\"http:\/\/www.frokenrosa.net\/\" target=\"_blank\">Fr\u00f6ken Rosa Desiree<\/a> var d\u00e4r, <a href=\"http:\/\/www.dolcedelinda.se\/\" target=\"_blank\">gravida och str\u00e5lande Delinda<\/a>, <a href=\"http:\/\/www.elinfagerberg.se\" target=\"_blank\">mysiga Elin Fagerberg<\/a>, <a href=\"http:\/\/beleza-blogg.se\/\" target=\"_blank\">h\u00e4rliga Tina Beleza <\/a>och <a href=\"http:\/\/puritybeauty.se\/\" target=\"_blank\">s\u00f6ta Purity Sanna<\/a> var alla d\u00e4r och nj\u00f6t av frukosten. Just det, <a href=\"http:\/\/www.finest.se\/BeautybyK\" target=\"_blank\">Kristina Norman dy<\/a> ocks\u00e5! Vi mumsade frukost med mackor, yoghurt och minidonuts och \u00e5tminstone jag catchade upp efter sommaren.<\/p>\n<p>Nedan n\u00e5got kassa mobilbilder p\u00e5 lite sm\u00e5tt och gott! Och Lotta som blev sminkad av en makeupartist, hon \u00e4r mest underbar och god! =) Klicka upp f\u00f6r st\u00f6rre format!<\/p>\n<p style=\"text-align: center;\"><a href=\"http:\/\/www.vackerunderbar.se\/wp-content\/uploads\/2012\/09\/kicks-press-10.jpg\"><img loading=\"lazy\" decoding=\"async\" class=\"alignnone size-thumbnail wp-image-27164\" title=\"kicks-press-10\" src=\"http:\/\/www.vackerunderbar.se\/wp-content\/uploads\/2012\/09\/kicks-press-10-150x150.jpg\" alt=\"\" width=\"150\" height=\"150\" \/><\/a><a href=\"http:\/\/www.vackerunderbar.se\/wp-content\/uploads\/2012\/09\/kicks-press-9.jpg\"><img loading=\"lazy\" decoding=\"async\" class=\"alignnone size-thumbnail wp-image-27163\" title=\"kicks-press-9\" src=\"http:\/\/www.vackerunderbar.se\/wp-content\/uploads\/2012\/09\/kicks-press-9-150x150.jpg\" alt=\"\" width=\"150\" height=\"150\" \/><\/a><a href=\"http:\/\/www.vackerunderbar.se\/wp-content\/uploads\/2012\/09\/kicks-press-8.jpg\"><img loading=\"lazy\" decoding=\"async\" class=\"alignnone size-thumbnail wp-image-27162\" title=\"kicks-press-8\" src=\"http:\/\/www.vackerunderbar.se\/wp-content\/uploads\/2012\/09\/kicks-press-8-150x150.jpg\" alt=\"\" width=\"150\" height=\"150\" \/><\/a><a href=\"http:\/\/www.vackerunderbar.se\/wp-content\/uploads\/2012\/09\/kicks-press-6.jpg\"><img loading=\"lazy\" decoding=\"async\" class=\"alignnone size-thumbnail wp-image-27160\" title=\"kicks-press-6\" src=\"http:\/\/www.vackerunderbar.se\/wp-content\/uploads\/2012\/09\/kicks-press-6-150x150.jpg\" alt=\"\" width=\"150\" height=\"150\" \/><\/a><a href=\"http:\/\/www.vackerunderbar.se\/wp-content\/uploads\/2012\/09\/kicks-press-5.jpg\"><img loading=\"lazy\" decoding=\"async\" class=\"alignnone size-thumbnail wp-image-27159\" title=\"kicks-press-5\" src=\"http:\/\/www.vackerunderbar.se\/wp-content\/uploads\/2012\/09\/kicks-press-5-150x150.jpg\" alt=\"\" width=\"150\" height=\"150\" \/><\/a><a href=\"http:\/\/www.vackerunderbar.se\/wp-content\/uploads\/2012\/09\/kicks-press-4.jpg\"><img loading=\"lazy\" decoding=\"async\" class=\"alignnone size-thumbnail wp-image-27158\" title=\"kicks-press-4\" src=\"http:\/\/www.vackerunderbar.se\/wp-content\/uploads\/2012\/09\/kicks-press-4-150x150.jpg\" alt=\"\" width=\"150\" height=\"150\" \/><\/a><a href=\"http:\/\/www.vackerunderbar.se\/wp-content\/uploads\/2012\/09\/kicks-press-3.jpg\"><img loading=\"lazy\" decoding=\"async\" class=\"alignnone size-thumbnail wp-image-27157\" title=\"kicks-press-3\" src=\"http:\/\/www.vackerunderbar.se\/wp-content\/uploads\/2012\/09\/kicks-press-3-150x150.jpg\" alt=\"\" width=\"150\" height=\"150\" \/><\/a><a href=\"http:\/\/www.vackerunderbar.se\/wp-content\/uploads\/2012\/09\/kicks-press-2.jpg\"><img loading=\"lazy\" decoding=\"async\" class=\"alignnone size-thumbnail wp-image-27156\" title=\"kicks-press-2\" src=\"http:\/\/www.vackerunderbar.se\/wp-content\/uploads\/2012\/09\/kicks-press-2-150x150.jpg\" alt=\"\" width=\"150\" height=\"150\" \/><\/a><a href=\"http:\/\/www.vackerunderbar.se\/wp-content\/uploads\/2012\/09\/kicks-press-1.jpg\"><img loading=\"lazy\" decoding=\"async\" class=\"alignnone size-thumbnail wp-image-27155\" title=\"kicks-press-1\" src=\"http:\/\/www.vackerunderbar.se\/wp-content\/uploads\/2012\/09\/kicks-press-1-150x150.jpg\" alt=\"\" width=\"150\" height=\"150\" \/><\/a><\/p>\n<p>D\u00e4refter tog Kicks presentation vid, med redog\u00f6relse av Kicks Beauty Report som jag inte orkar redog\u00f6ra f\u00f6r just nu. Men det mest intressanta var s\u00e5klart lanseringen av deras egen linje, Private Label! 26e oktober kommer de i handeln! Vi var alla lite imponerade av kvalit\u00e9n och pigmenteringen, \u00e4ven om jag personligen blir lite avt\u00e4nd av plasten runt alla sm\u00e5 f\u00f6rpackningar. De ger ett lite billigt intryck och p\u00e5minner om alldeles f\u00f6r kassa budgetm\u00e4rken. Jag borde tagit bort dem innan jag tog bilderna eftersom det speglas s\u00e5 i dem, men d\u00e5 f\u00e5r ni ju se hur de ser ut iaf!<\/p>\n<p>Och s\u00e5 fick vi en h\u00e4rligt v\u00e4lfylld goodiebag! H\u00e5rsprayen och shinemisten kommer jag inte anv\u00e4nda d\u00e5 de inneh\u00e5ller silikoner, f\u00f6rmodligen inte kr\u00e4merna fr\u00e5n Kicks eller parfymerna heller. Men Glow Masken och Marilou Bio g\u00e5r upp p\u00e5 listan direkt! Men ohja, mycket gener\u00f6s kasse \u00e4ven om den var lite v\u00e4l tung att sl\u00e4pa p\u00e5 hela dagen! Jag tycker dock att om man lanserar en ny range smink \u00e4r det ju intressant hur kvalit\u00e9n p\u00e5 mascaran, foundation och primer exempelvis \u00e4r eftersom de oftast blir dyrast och mest bearbetade. S\u00e5 jag \u00e4r inte riktigt &#8221;n\u00f6jd&#8221; med de prover vi fick av Kicks egna linje. Men de jag fick ska absolut testas ordentligt och resten f\u00e5r jag v\u00e4l k\u00f6pa! =)<\/p>\n<figure id=\"attachment_27150\" aria-describedby=\"caption-attachment-27150\" style=\"width: 670px\" class=\"wp-caption alignnone\"><a href=\"http:\/\/www.vackerunderbar.se\/wp-content\/uploads\/2012\/09\/kicks-goodie.jpg\"><img loading=\"lazy\" decoding=\"async\" class=\" wp-image-27150\" title=\"kicks-goodie\" src=\"http:\/\/www.vackerunderbar.se\/wp-content\/uploads\/2012\/09\/kicks-goodie-690x343.jpg\" alt=\"\" width=\"670\" height=\"333\" \/><\/a><figcaption id=\"caption-attachment-27150\" class=\"wp-caption-text\">Goodiebagen, minus necess\u00e4ren med sminket fr\u00e5n Kicks.<\/figcaption><\/figure>\n<figure id=\"attachment_27151\" aria-describedby=\"caption-attachment-27151\" style=\"width: 672px\" class=\"wp-caption alignnone\"><a href=\"http:\/\/www.vackerunderbar.se\/wp-content\/uploads\/2012\/09\/kicks-makeup-1.jpg\"><img loading=\"lazy\" decoding=\"async\" class=\" wp-image-27151\" title=\"kicks-makeup-1\" src=\"http:\/\/www.vackerunderbar.se\/wp-content\/uploads\/2012\/09\/kicks-makeup-1-690x224.jpg\" alt=\"\" width=\"672\" height=\"218\" \/><\/a><figcaption id=\"caption-attachment-27151\" class=\"wp-caption-text\">Necess\u00e4ren med sminket fr\u00e5n Kicks egen linje.<\/figcaption><\/figure>\n<p><a href=\"http:\/\/www.vackerunderbar.se\/wp-content\/uploads\/2012\/09\/kicks-makeup-4.jpg\"><img loading=\"lazy\" decoding=\"async\" class=\"alignnone  wp-image-27154\" title=\"kicks-makeup-4\" src=\"http:\/\/www.vackerunderbar.se\/wp-content\/uploads\/2012\/09\/kicks-makeup-4-340x206.jpg\" alt=\"\" width=\"235\" height=\"142\" \/><\/a><a href=\"http:\/\/www.vackerunderbar.se\/wp-content\/uploads\/2012\/09\/kicks-makeup-2.jpg\"><img loading=\"lazy\" decoding=\"async\" class=\"alignnone  wp-image-27152\" title=\"kicks-makeup-2\" src=\"http:\/\/www.vackerunderbar.se\/wp-content\/uploads\/2012\/09\/kicks-makeup-2-340x225.jpg\" alt=\"\" width=\"216\" height=\"143\" \/><\/a><a href=\"http:\/\/www.vackerunderbar.se\/wp-content\/uploads\/2012\/09\/kicks-makeup-3.jpg\"><img loading=\"lazy\" decoding=\"async\" class=\"alignnone  wp-image-27153\" title=\"kicks-makeup-3\" src=\"http:\/\/www.vackerunderbar.se\/wp-content\/uploads\/2012\/09\/kicks-makeup-3-340x235.jpg\" alt=\"\" width=\"210\" height=\"144\" \/><\/a><\/p>\n<p>Det kommer nya nagellack med mer inneh\u00e5ll och en annorlunda kork (liknande Butter London) d\u00e4r ocks\u00e5 formulan \u00e4r omarbetad till att vara b\u00e4ttre pigmenterad. Den ska t\u00e4cka p\u00e5 ett lager. De st\u00f6rre flaskorna kommer vara tillverkade utomlands medan de sm\u00e5 fortfarande kommer tillverkas i Sverige f\u00f6r att kunna f\u00f6lja trender lite snabbare. \u00d6gonskuggorna \u00e4r mest skimriga, \u00e5terst\u00e5r att se hur bra de h\u00e5ller men p\u00e5 Lotta h\u00f6ll de hela dagen. Utan primer. Det kommer ocks\u00e5 l\u00e4ppstift, l\u00e4ppennor och nya l\u00e4ppglans i fyrkantig wand-f\u00f6rpackning f\u00f6rutom de gamla tuberna som redan finns. Nya eyeliners och wandliners, rouge i flera olika f\u00e4rger samt tv\u00e5 olika concealernyanser. Samt highglighterkr\u00e4m och kr\u00e4mer.<\/p>\n<p>Som sagt, v 43 &#8211; 26e oktober, kommer de ut i aff\u00e4ren och jag ska absolut testa deras foundation!<\/p>\n","protected":false},"excerpt":{"rendered":"<p>Ig\u00e5r var jag och Lotta p\u00e5 Kicks presstr\u00e4ff inklusive frukost! Det blev en extremt tidig morgon, vi gick b\u00e5da upp vid fem och t\u00e5get gick &hellip; <\/p>\n","protected":false},"author":1,"featured_media":0,"comment_status":"open","ping_status":"open","sticky":false,"template":"","format":"standard","meta":{"footnotes":""},"categories":[43],"tags":[506,478],"_links":{"self":[{"href":"http:\/\/vackerunderbar.se\/index.php?rest_route=\/wp\/v2\/posts\/27149"}],"collection":[{"href":"http:\/\/vackerunderbar.se\/index.php?rest_route=\/wp\/v2\/posts"}],"about":[{"href":"http:\/\/vackerunderbar.se\/index.php?rest_route=\/wp\/v2\/types\/post"}],"author":[{"embeddable":true,"href":"http:\/\/vackerunderbar.se\/index.php?rest_route=\/wp\/v2\/users\/1"}],"replies":[{"embeddable":true,"href":"http:\/\/vackerunderbar.se\/index.php?rest_route=%2Fwp%2Fv2%2Fcomments&post=27149"}],"version-history":[{"count":5,"href":"http:\/\/vackerunderbar.se\/index.php?rest_route=\/wp\/v2\/posts\/27149\/revisions"}],"predecessor-version":[{"id":57091,"href":"http:\/\/vackerunderbar.se\/index.php?rest_route=\/wp\/v2\/posts\/27149\/revisions\/57091"}],"wp:attachment":[{"href":"http:\/\/vackerunderbar.se\/index.php?rest_route=%2Fwp%2Fv2%2Fmedia&parent=27149"}],"wp:term":[{"taxonomy":"category","embeddable":true,"href":"http:\/\/vackerunderbar.se\/index.php?rest_route=%2Fwp%2Fv2%2Fcategories&post=27149"},{"taxonomy":"post_tag","embeddable":true,"href":"http:\/\/vackerunderbar.se\/index.php?rest_route=%2Fwp%2Fv2%2Ftags&post=27149"}],"curies":[{"name":"wp","href":"https:\/\/api.w.org\/{rel}","templated":true}]}}