{"id":24183,"date":"2012-05-09T14:56:35","date_gmt":"2012-05-09T12:56:35","guid":{"rendered":"http:\/\/www.vackerunderbar.se\/?p=24183"},"modified":"2014-06-03T17:36:00","modified_gmt":"2014-06-03T15:36:00","slug":"dagens-pandafail","status":"publish","type":"post","link":"http:\/\/vackerunderbar.se\/?p=24183","title":{"rendered":"Dagens: Pandafail"},"content":{"rendered":"<p><a href=\"http:\/\/www.vackerunderbar.se\/wp-content\/uploads\/2012\/05\/ons-0905-1.jpg\"><img loading=\"lazy\" decoding=\"async\" class=\"aligncenter  wp-image-24184\" title=\"ons-0905-1\" src=\"http:\/\/www.vackerunderbar.se\/wp-content\/uploads\/2012\/05\/ons-0905-1-533x800.jpg\" alt=\"\" width=\"386\" height=\"578\" \/><\/a><\/p>\n<p>Usch, s\u00e5 missn\u00f6jd med mejken idag! Kul n\u00e4r det \u00e4r en dag jag inte kan ha solglas\u00f6gon p\u00e5 ocks\u00e5 pga regnet. Faaaail!<\/p>\n<p>Idag fyller min mamma \u00e5r, hurra f\u00f6r henne!! S\u00e5 jag ska strax \u00e5ka ut till Smedby och \u00e4ta hemfiskad str\u00f6mming och t\u00e5rta! Yay, h\u00e4rlig dag. Ja, f\u00f6rutom regnet och mejken d\u00e5. Dessutom har vi varit ut till CityGross och handlat mat f\u00f6r n\u00e5gra veckor fram\u00e5t. F\u00f6rs\u00f6kte vara s\u00e5 sn\u00e5l som vi bara kunde och tog en massa fryst mat som jag egentligen inte gillar&#8230; Suck, hatar att vara fattig.<\/p>\n<p>Men som sagt, mejken. Vill knappt prata om den, \u00e4nnu mindre visa upp den&#8230; H\u00e4r p\u00e5 bilderna har jag tom torkat bort lite av det f\u00f6r det blev s\u00e5 himla fult men det syns inte s\u00e5 v\u00e4l p\u00e5 bilden tack och lov. Det \u00e4r iaf Too Faced Full Frontal. Dessutom \u00e4r basen skitd\u00e5lig, fel f\u00e4rg och jag ser extremt skrovlig ut. Bl\u00e4!<\/p>\n<p><a href=\"http:\/\/www.vackerunderbar.se\/wp-content\/uploads\/2012\/05\/ons-0905-2.jpg\"><img loading=\"lazy\" decoding=\"async\" class=\"aligncenter size-medium wp-image-24185\" title=\"ons-0905-2\" src=\"http:\/\/www.vackerunderbar.se\/wp-content\/uploads\/2012\/05\/ons-0905-2-290x193.jpg\" alt=\"\" width=\"290\" height=\"193\" \/><\/a><\/p>\n<p>\u2014<\/p>\n<h4>Produktlista<\/h4>\n<p><strong>Hud<\/strong><br \/>\nDagkr\u00e4m: Neutrogena Matte Day Cream \u2013 spf 30<br \/>\nFoundation: Clinique &amp; Oriflame Studio Artist Foundation<br \/>\nBronzer: IsaDora Matte Tan<\/p>\n<p><strong>\u00d6gon<\/strong><br \/>\n\u00d6gonskuggeprimer: Too Faced Shadow Insurence.<br \/>\n\u00d6gonskuggor:\u00a0 Too Faced \u2013 Full Frontal.<br \/>\nMascara: Lumenes Blueberry Curl Mascara.<br \/>\n\u00d6gonpenna: Revlon Kohl Pencil<\/p>\n<p>L\u00e4ppar: Lush Liptint &#8211; Latte<\/p>\n","protected":false},"excerpt":{"rendered":"<p>Usch, s\u00e5 missn\u00f6jd med mejken idag! Kul n\u00e4r det \u00e4r en dag jag inte kan ha solglas\u00f6gon p\u00e5 ocks\u00e5 pga regnet. Faaaail! Idag fyller min &hellip; <\/p>\n","protected":false},"author":1,"featured_media":0,"comment_status":"open","ping_status":"open","sticky":false,"template":"","format":"standard","meta":{"footnotes":""},"categories":[421],"tags":[505],"_links":{"self":[{"href":"http:\/\/vackerunderbar.se\/index.php?rest_route=\/wp\/v2\/posts\/24183"}],"collection":[{"href":"http:\/\/vackerunderbar.se\/index.php?rest_route=\/wp\/v2\/posts"}],"about":[{"href":"http:\/\/vackerunderbar.se\/index.php?rest_route=\/wp\/v2\/types\/post"}],"author":[{"embeddable":true,"href":"http:\/\/vackerunderbar.se\/index.php?rest_route=\/wp\/v2\/users\/1"}],"replies":[{"embeddable":true,"href":"http:\/\/vackerunderbar.se\/index.php?rest_route=%2Fwp%2Fv2%2Fcomments&post=24183"}],"version-history":[{"count":3,"href":"http:\/\/vackerunderbar.se\/index.php?rest_route=\/wp\/v2\/posts\/24183\/revisions"}],"predecessor-version":[{"id":24187,"href":"http:\/\/vackerunderbar.se\/index.php?rest_route=\/wp\/v2\/posts\/24183\/revisions\/24187"}],"wp:attachment":[{"href":"http:\/\/vackerunderbar.se\/index.php?rest_route=%2Fwp%2Fv2%2Fmedia&parent=24183"}],"wp:term":[{"taxonomy":"category","embeddable":true,"href":"http:\/\/vackerunderbar.se\/index.php?rest_route=%2Fwp%2Fv2%2Fcategories&post=24183"},{"taxonomy":"post_tag","embeddable":true,"href":"http:\/\/vackerunderbar.se\/index.php?rest_route=%2Fwp%2Fv2%2Ftags&post=24183"}],"curies":[{"name":"wp","href":"https:\/\/api.w.org\/{rel}","templated":true}]}}