{"id":23829,"date":"2012-04-21T09:06:54","date_gmt":"2012-04-21T07:06:54","guid":{"rendered":"http:\/\/www.vackerunderbar.se\/?p=23829"},"modified":"2012-04-20T14:20:57","modified_gmt":"2012-04-20T12:20:57","slug":"5-ars-jubileum","status":"publish","type":"post","link":"http:\/\/vackerunderbar.se\/?p=23829","title":{"rendered":"5-\u00e5rs jubileum!"},"content":{"rendered":"<figure style=\"width: 367px\" class=\"wp-caption aligncenter\"><a href=\"http:\/\/kleineliebling.blogg.se\/images\/2007\/cute_1179958789_2112069.jpg\"><img loading=\"lazy\" decoding=\"async\" src=\"http:\/\/kleineliebling.blogg.se\/images\/2007\/cute_1179958789_2112069.jpg\" alt=\"\" width=\"367\" height=\"405\" \/><\/a><figcaption class=\"wp-caption-text\">Jag maj 2007<\/figcaption><\/figure>\n<p style=\"text-align: left;\">\n<p style=\"text-align: left;\">Har missat fem\u00e5rsjubileet f\u00f6r mitt bloggande! 4 april 2007 lade jag upp <a href=\"http:\/\/kleineliebling.blogg.se\/2007\/april\/valkommen-till-min-nya-blogg.html\" target=\"_blank\">mitt f\u00f6rsta inl\u00e4gg i bloggen Kleiner Liebling<\/a>. Det var ju inte mer \u00e4n ett &#8221;Hej v\u00e4rlden&#8221;-inl\u00e4gg, men sedan skrev jag ganska s\u00e5 ofta.<\/p>\n<p>Men den <a href=\"http:\/\/kleineliebling.blogg.se\/verfassung\/2007\/august\/nytt-fokus.html\" target=\"_blank\">20e augusti 2007 bytte jag fokus<\/a>, eller hade tv\u00e5 bloggar tror jag, n\u00e4r Pret-ty ansl\u00f6t ett g\u00e4ng sk\u00f6nhetsbloggar till n\u00e4tverket. Bloggen hetter d\u00e5 Kleiner Wondervoll, Wondervoll betyder Underbar och n\u00e4r jag senare bytte namn blev det Vacker &amp; Underbar. Gillar fortfarande mitt bloggnamn, bara s\u00e5 du vet!<\/p>\n<p>R\u00e4tt kul att kolla igenom gamla inl\u00e4gg! Inte bara hur jag ser ut men hur jag gjorde inl\u00e4gg och nagelbilder etc. Tycker nog bloggen \u00e4r riktigt bra idag, med sin mix av \u00e4mnen och bilder!<\/p>\n<p>S\u00e5, <strong>Grattis Vacker &amp; Underbar?<\/strong><\/p>\n","protected":false},"excerpt":{"rendered":"<p>Har missat fem\u00e5rsjubileet f\u00f6r mitt bloggande! 4 april 2007 lade jag upp mitt f\u00f6rsta inl\u00e4gg i bloggen Kleiner Liebling. Det var ju inte mer \u00e4n &hellip; <\/p>\n","protected":false},"author":1,"featured_media":0,"comment_status":"open","ping_status":"open","sticky":false,"template":"","format":"standard","meta":{"footnotes":""},"categories":[],"tags":[],"_links":{"self":[{"href":"http:\/\/vackerunderbar.se\/index.php?rest_route=\/wp\/v2\/posts\/23829"}],"collection":[{"href":"http:\/\/vackerunderbar.se\/index.php?rest_route=\/wp\/v2\/posts"}],"about":[{"href":"http:\/\/vackerunderbar.se\/index.php?rest_route=\/wp\/v2\/types\/post"}],"author":[{"embeddable":true,"href":"http:\/\/vackerunderbar.se\/index.php?rest_route=\/wp\/v2\/users\/1"}],"replies":[{"embeddable":true,"href":"http:\/\/vackerunderbar.se\/index.php?rest_route=%2Fwp%2Fv2%2Fcomments&post=23829"}],"version-history":[{"count":2,"href":"http:\/\/vackerunderbar.se\/index.php?rest_route=\/wp\/v2\/posts\/23829\/revisions"}],"predecessor-version":[{"id":23831,"href":"http:\/\/vackerunderbar.se\/index.php?rest_route=\/wp\/v2\/posts\/23829\/revisions\/23831"}],"wp:attachment":[{"href":"http:\/\/vackerunderbar.se\/index.php?rest_route=%2Fwp%2Fv2%2Fmedia&parent=23829"}],"wp:term":[{"taxonomy":"category","embeddable":true,"href":"http:\/\/vackerunderbar.se\/index.php?rest_route=%2Fwp%2Fv2%2Fcategories&post=23829"},{"taxonomy":"post_tag","embeddable":true,"href":"http:\/\/vackerunderbar.se\/index.php?rest_route=%2Fwp%2Fv2%2Ftags&post=23829"}],"curies":[{"name":"wp","href":"https:\/\/api.w.org\/{rel}","templated":true}]}}