{"id":23129,"date":"2012-03-15T13:06:35","date_gmt":"2012-03-15T12:06:35","guid":{"rendered":"http:\/\/www.vackerunderbar.se\/?p=23129"},"modified":"2014-06-03T17:37:19","modified_gmt":"2014-06-03T15:37:19","slug":"dagens-gratt","status":"publish","type":"post","link":"http:\/\/vackerunderbar.se\/?p=23129","title":{"rendered":"Dagens: Gr\u00e5tt"},"content":{"rendered":"<p><a href=\"http:\/\/www.vackerunderbar.se\/wp-content\/uploads\/2012\/03\/ons-1403-3.jpg\"><img loading=\"lazy\" decoding=\"async\" class=\"aligncenter size-large wp-image-23132\" title=\"ons-1403-3\" src=\"http:\/\/www.vackerunderbar.se\/wp-content\/uploads\/2012\/03\/ons-1403-3-590x440.jpg\" alt=\"\" width=\"590\" height=\"440\" \/><\/a><\/p>\n<p>Hemma p\u00e5 lunch, lax i sydfransk gryta blev det idag. Irriterad p\u00e5 att dekodern h\u00e5ller p\u00e5 och kr\u00e5nglar, och f\u00f6r evigt sur p\u00e5 Anders tycks det. Annars g\u00e5r v\u00e4l dagen ganska bra.<\/p>\n<p>Detta \u00e4r g\u00e5rdagens mejk. En matt en som det blivit nu n\u00e5gra g\u00e5nger. Denna g\u00e5ng anv\u00e4nde jag m\u00f6rkgr\u00e5 Matt MacDonald. Jag vet att jag anv\u00e4nde en till i globlinjen, men kan inte f\u00f6r min sj\u00e4l komma p\u00e5 vilken det var just nu. Kan ha varit den gr\u00f6na Matt Schilling.\u00a0 N\u00e5ja, det blev en cool sotning iaf.<\/p>\n<p style=\"text-align: center;\"><a href=\"http:\/\/www.vackerunderbar.se\/wp-content\/uploads\/2012\/03\/ons-1403-1.jpg\"><img loading=\"lazy\" decoding=\"async\" class=\"alignnone size-medium wp-image-23130\" title=\"ons-1403-1\" src=\"http:\/\/www.vackerunderbar.se\/wp-content\/uploads\/2012\/03\/ons-1403-1-290x193.jpg\" alt=\"\" width=\"290\" height=\"193\" \/><\/a><a href=\"http:\/\/www.vackerunderbar.se\/wp-content\/uploads\/2012\/03\/ons-1403-2.jpg\"><img loading=\"lazy\" decoding=\"async\" class=\"alignnone size-medium wp-image-23131\" title=\"ons-1403-2\" src=\"http:\/\/www.vackerunderbar.se\/wp-content\/uploads\/2012\/03\/ons-1403-2-290x193.jpg\" alt=\"\" width=\"290\" height=\"193\" \/><\/a><\/p>\n<p>\u2014<\/p>\n<h4>Produktlista<\/h4>\n<p><strong>Hud<\/strong><br \/>\nAntishine-primer: Nip+Fab<br \/>\nFoundation: <a href=\"http:\/\/www.apoteket.se\/privatpersoner\/radochprodukter\/common\/produktinformation.aspx?Varuid=242293&amp;visa=alla\" target=\"_blank\">Vichy Aerateint Pure Fluid<\/a> \u2013 Clear Ivory<br \/>\nRouge: Helena Rubenstein \u2013 10 Concerto<\/p>\n<p><strong>\u00d6gon<\/strong><br \/>\n\u00d6gonskuggeprimer: Too Faced Shadow Insurence<br \/>\n\u00d6gonskuggor: <a href=\"..\/?p=22968\">The Balm \u2013 Meet Matt(e)<\/a> \u2013 Matt MacDonald, ev Matt Schilling<br \/>\nMascara: Lumenes Blueberry Curl Mascara.<br \/>\nEyeliner: Nyx<\/p>\n<p>L\u00e4ppar: Make Up Store &#8211; Maria Montazami Beige<\/p>\n","protected":false},"excerpt":{"rendered":"<p>Hemma p\u00e5 lunch, lax i sydfransk gryta blev det idag. Irriterad p\u00e5 att dekodern h\u00e5ller p\u00e5 och kr\u00e5nglar, och f\u00f6r evigt sur p\u00e5 Anders tycks &hellip; <\/p>\n","protected":false},"author":1,"featured_media":0,"comment_status":"open","ping_status":"open","sticky":false,"template":"","format":"standard","meta":{"footnotes":""},"categories":[421],"tags":[505],"_links":{"self":[{"href":"http:\/\/vackerunderbar.se\/index.php?rest_route=\/wp\/v2\/posts\/23129"}],"collection":[{"href":"http:\/\/vackerunderbar.se\/index.php?rest_route=\/wp\/v2\/posts"}],"about":[{"href":"http:\/\/vackerunderbar.se\/index.php?rest_route=\/wp\/v2\/types\/post"}],"author":[{"embeddable":true,"href":"http:\/\/vackerunderbar.se\/index.php?rest_route=\/wp\/v2\/users\/1"}],"replies":[{"embeddable":true,"href":"http:\/\/vackerunderbar.se\/index.php?rest_route=%2Fwp%2Fv2%2Fcomments&post=23129"}],"version-history":[{"count":3,"href":"http:\/\/vackerunderbar.se\/index.php?rest_route=\/wp\/v2\/posts\/23129\/revisions"}],"predecessor-version":[{"id":54320,"href":"http:\/\/vackerunderbar.se\/index.php?rest_route=\/wp\/v2\/posts\/23129\/revisions\/54320"}],"wp:attachment":[{"href":"http:\/\/vackerunderbar.se\/index.php?rest_route=%2Fwp%2Fv2%2Fmedia&parent=23129"}],"wp:term":[{"taxonomy":"category","embeddable":true,"href":"http:\/\/vackerunderbar.se\/index.php?rest_route=%2Fwp%2Fv2%2Fcategories&post=23129"},{"taxonomy":"post_tag","embeddable":true,"href":"http:\/\/vackerunderbar.se\/index.php?rest_route=%2Fwp%2Fv2%2Ftags&post=23129"}],"curies":[{"name":"wp","href":"https:\/\/api.w.org\/{rel}","templated":true}]}}