{"id":1947,"date":"2008-11-26T23:34:27","date_gmt":"2008-11-26T21:34:27","guid":{"rendered":"http:\/\/www.vackerunderbar.se\/?p=1947"},"modified":"2014-06-03T18:18:28","modified_gmt":"2014-06-03T16:18:28","slug":"dagens-sannas-onskan","status":"publish","type":"post","link":"http:\/\/vackerunderbar.se\/?p=1947","title":{"rendered":"Dagens: Sannas \u00f6nskan"},"content":{"rendered":"<p><a href=\"http:\/\/www.vackerunderbar.se\/wp-content\/uploads\/2008\/11\/ons-2611-5.jpg\"><img loading=\"lazy\" decoding=\"async\" class=\"size-medium wp-image-1952 alignright\" title=\"ons-2611-5\" src=\"http:\/\/www.vackerunderbar.se\/wp-content\/uploads\/2008\/11\/ons-2611-5-194x300.jpg\" alt=\"\" width=\"116\" height=\"180\" \/><\/a>Denna har jag sugit p\u00e5 n\u00e5gra dagar, funderat p\u00e5 hur jag skulle mejka mig p\u00e5 ett snyggt 08-s\u00e4tt fast \u00e4nd\u00e5 80-s\u00e4tt!! Heh, kul sagt. Ehm, iaf, Sannas \u00f6nskan var det iaf och temat \u00e4r rosa och bl\u00e5tt!<\/p>\n<p>Grund av UDPP och Color Definer fr\u00e5n Maybelline. D\u00e4refter, i den inre \u00f6gonvr\u00e5n en svagt rosa skugga fr\u00e5n Too Faced som heter Bon Bon. I mitten den rosa skuggan Steel Magnolia fr\u00e5n Too Faced och i den yttre \u00f6gonvr\u00e5n Babydoll fr\u00e5n Mus. Den senast n\u00e4mnda \u00e4r riktigt sv\u00e5rapplicerad tycker jag, s\u00e5 f\u00f6r att f\u00e5 mer f\u00e4rg la jag Mac-pigmentet Magenta Madness \u00f6ver ocks\u00e5.<\/p>\n<p style=\"text-align: center;\">Klicka p\u00e5 bilderna f\u00f6r st\u00f6rre, men det vet ni nog vid det h\u00e4r laget!<\/p>\n<p style=\"text-align: center;\">\n<p style=\"text-align: center;\"><a href=\"http:\/\/www.vackerunderbar.se\/wp-content\/uploads\/2008\/11\/ons-2611-8.jpg\"><img loading=\"lazy\" decoding=\"async\" class=\"alignnone size-thumbnail wp-image-1955\" title=\"ons-2611-8\" src=\"http:\/\/www.vackerunderbar.se\/wp-content\/uploads\/2008\/11\/ons-2611-8-100x60.jpg\" alt=\"\" width=\"100\" height=\"60\" \/><\/a><a href=\"http:\/\/www.vackerunderbar.se\/wp-content\/uploads\/2008\/11\/ons-2611-7.jpg\"><img loading=\"lazy\" decoding=\"async\" class=\"alignnone size-thumbnail wp-image-1954\" title=\"ons-2611-7\" src=\"http:\/\/www.vackerunderbar.se\/wp-content\/uploads\/2008\/11\/ons-2611-7-100x52.jpg\" alt=\"\" width=\"100\" height=\"52\" \/><\/a><a href=\"http:\/\/www.vackerunderbar.se\/wp-content\/uploads\/2008\/11\/ons-2611-2.jpg\"><img loading=\"lazy\" decoding=\"async\" class=\"alignnone size-thumbnail wp-image-1949\" title=\"ons-2611-2\" src=\"http:\/\/www.vackerunderbar.se\/wp-content\/uploads\/2008\/11\/ons-2611-2-100x64.jpg\" alt=\"\" width=\"100\" height=\"64\" \/><\/a><a href=\"http:\/\/www.vackerunderbar.se\/wp-content\/uploads\/2008\/11\/ons-2611-1.jpg\"><img loading=\"lazy\" decoding=\"async\" class=\"alignnone size-thumbnail wp-image-1948\" title=\"ons-2611-1\" src=\"http:\/\/www.vackerunderbar.se\/wp-content\/uploads\/2008\/11\/ons-2611-1-100x79.jpg\" alt=\"\" width=\"100\" height=\"79\" \/><\/a><\/p>\n<p>Under \u00f6gat den ljusbl\u00e5 skuggan Narcotic fr\u00e5n Urban Decay. Mesigt \u00e4ven detta, s\u00e5 \u00e4ven h\u00e4r anv\u00e4nde jag Mac-pigmentet Blue f\u00f6r att f\u00f6rst\u00e4rka det turkosbl\u00e5. Sedan tog jag den svarta gellinern fr\u00e5n Face i den \u00f6vre \u00f6gonfranslinjen och den turkosa kajalen fr\u00e5n Isadora under \u00f6gat.<\/p>\n<p>L\u00e4ppglanset \u00e4r She-Boom fr\u00e5n Mac, min f\u00f6rsta Mac-produkt jag n\u00e5nsin k\u00f6pte f\u00f6rresten! :D<\/p>\n<p><a href=\"http:\/\/www.vackerunderbar.se\/wp-content\/uploads\/2008\/11\/ons-2611-6.jpg\"><img loading=\"lazy\" decoding=\"async\" class=\"alignnone size-full wp-image-1953\" title=\"ons-2611-6\" src=\"http:\/\/www.vackerunderbar.se\/wp-content\/uploads\/2008\/11\/ons-2611-6.jpg\" alt=\"\" width=\"500\" height=\"117\" \/><\/a><a href=\"http:\/\/www.vackerunderbar.se\/wp-content\/uploads\/2008\/11\/ons-2611-4.jpg\"><img loading=\"lazy\" decoding=\"async\" class=\"alignnone size-full wp-image-1951\" title=\"ons-2611-4\" src=\"http:\/\/www.vackerunderbar.se\/wp-content\/uploads\/2008\/11\/ons-2611-4.jpg\" alt=\"\" width=\"500\" height=\"142\" \/><\/a><a href=\"http:\/\/www.vackerunderbar.se\/wp-content\/uploads\/2008\/11\/ons-2611-3.jpg\"><img loading=\"lazy\" decoding=\"async\" class=\"alignnone size-full wp-image-1950\" title=\"ons-2611-3\" src=\"http:\/\/www.vackerunderbar.se\/wp-content\/uploads\/2008\/11\/ons-2611-3.jpg\" alt=\"\" width=\"500\" height=\"148\" \/><\/a><\/p>\n","protected":false},"excerpt":{"rendered":"<p>Denna har jag sugit p\u00e5 n\u00e5gra dagar, funderat p\u00e5 hur jag skulle mejka mig p\u00e5 ett snyggt 08-s\u00e4tt fast \u00e4nd\u00e5 80-s\u00e4tt!! Heh, kul sagt. Ehm, &hellip; <\/p>\n","protected":false},"author":1,"featured_media":0,"comment_status":"open","ping_status":"open","sticky":false,"template":"","format":"standard","meta":{"footnotes":""},"categories":[421],"tags":[505],"_links":{"self":[{"href":"http:\/\/vackerunderbar.se\/index.php?rest_route=\/wp\/v2\/posts\/1947"}],"collection":[{"href":"http:\/\/vackerunderbar.se\/index.php?rest_route=\/wp\/v2\/posts"}],"about":[{"href":"http:\/\/vackerunderbar.se\/index.php?rest_route=\/wp\/v2\/types\/post"}],"author":[{"embeddable":true,"href":"http:\/\/vackerunderbar.se\/index.php?rest_route=\/wp\/v2\/users\/1"}],"replies":[{"embeddable":true,"href":"http:\/\/vackerunderbar.se\/index.php?rest_route=%2Fwp%2Fv2%2Fcomments&post=1947"}],"version-history":[{"count":9,"href":"http:\/\/vackerunderbar.se\/index.php?rest_route=\/wp\/v2\/posts\/1947\/revisions"}],"predecessor-version":[{"id":55362,"href":"http:\/\/vackerunderbar.se\/index.php?rest_route=\/wp\/v2\/posts\/1947\/revisions\/55362"}],"wp:attachment":[{"href":"http:\/\/vackerunderbar.se\/index.php?rest_route=%2Fwp%2Fv2%2Fmedia&parent=1947"}],"wp:term":[{"taxonomy":"category","embeddable":true,"href":"http:\/\/vackerunderbar.se\/index.php?rest_route=%2Fwp%2Fv2%2Fcategories&post=1947"},{"taxonomy":"post_tag","embeddable":true,"href":"http:\/\/vackerunderbar.se\/index.php?rest_route=%2Fwp%2Fv2%2Ftags&post=1947"}],"curies":[{"name":"wp","href":"https:\/\/api.w.org\/{rel}","templated":true}]}}