{"id":16193,"date":"2011-03-30T08:07:26","date_gmt":"2011-03-30T06:07:26","guid":{"rendered":"http:\/\/www.vackerunderbar.se\/?p=16193"},"modified":"2014-06-03T17:47:38","modified_gmt":"2014-06-03T15:47:38","slug":"dagens-buzzer-2","status":"publish","type":"post","link":"http:\/\/vackerunderbar.se\/?p=16193","title":{"rendered":"Dagens: Buzzer"},"content":{"rendered":"<p>Jag har gl\u00f6mt visa er torsdagsmejken fr\u00e5n f\u00f6rra veckan. Eller gl\u00f6mt, inte hunnit\/orkat\/k\u00e4nt f\u00f6rt. Det \u00e4r ju iofs ingen som bryr sig om mina mejker, s\u00e5 d\u00e4rf\u00f6r k\u00e4nns det som att det inte spelar n\u00e5gon st\u00f6rre roll n\u00e4r de kommer upp.<\/p>\n<p style=\"text-align: center;\"><a href=\"http:\/\/www.vackerunderbar.se\/wp-content\/uploads\/2011\/03\/tors-2403-1.jpg\"><img loading=\"lazy\" decoding=\"async\" class=\"aligncenter size-full wp-image-16194\" title=\"tors-2403-1\" src=\"http:\/\/www.vackerunderbar.se\/wp-content\/uploads\/2011\/03\/tors-2403-1.jpg\" alt=\"\" width=\"315\" height=\"473\" \/><\/a><\/p>\n<p>N\u00e5ja, detta \u00e4r p\u00e5 en grund av UDPP, d\u00e4refter Buzzer fr\u00e5n Make Up Store \u00f6ver hela \u00f6gonlocket. I den yttre globlinjen Smaragde, fr\u00e5n MUS och i den inre Silver, ocks\u00e5 MUS. Silver \u00e4ven under \u00f6gat. Mascara fr\u00e5n Clinique.<\/p>\n<p style=\"text-align: center;\"><a href=\"http:\/\/www.vackerunderbar.se\/wp-content\/uploads\/2011\/03\/tors-2403-3.jpg\"><img loading=\"lazy\" decoding=\"async\" class=\"alignnone size-medium wp-image-16196\" title=\"tors-2403-3\" src=\"http:\/\/www.vackerunderbar.se\/wp-content\/uploads\/2011\/03\/tors-2403-3-250x143.jpg\" alt=\"\" width=\"250\" height=\"143\" \/><\/a><a href=\"http:\/\/www.vackerunderbar.se\/wp-content\/uploads\/2011\/03\/tors-2403-2.jpg\"><img loading=\"lazy\" decoding=\"async\" class=\"alignnone size-medium wp-image-16195\" title=\"tors-2403-2\" src=\"http:\/\/www.vackerunderbar.se\/wp-content\/uploads\/2011\/03\/tors-2403-2-250x161.jpg\" alt=\"\" width=\"223\" height=\"143\" \/><\/a><\/p>\n","protected":false},"excerpt":{"rendered":"<p>Jag har gl\u00f6mt visa er torsdagsmejken fr\u00e5n f\u00f6rra veckan. Eller gl\u00f6mt, inte hunnit\/orkat\/k\u00e4nt f\u00f6rt. Det \u00e4r ju iofs ingen som bryr sig om mina mejker, &hellip; <\/p>\n","protected":false},"author":1,"featured_media":0,"comment_status":"open","ping_status":"open","sticky":false,"template":"","format":"standard","meta":{"footnotes":""},"categories":[421],"tags":[505],"_links":{"self":[{"href":"http:\/\/vackerunderbar.se\/index.php?rest_route=\/wp\/v2\/posts\/16193"}],"collection":[{"href":"http:\/\/vackerunderbar.se\/index.php?rest_route=\/wp\/v2\/posts"}],"about":[{"href":"http:\/\/vackerunderbar.se\/index.php?rest_route=\/wp\/v2\/types\/post"}],"author":[{"embeddable":true,"href":"http:\/\/vackerunderbar.se\/index.php?rest_route=\/wp\/v2\/users\/1"}],"replies":[{"embeddable":true,"href":"http:\/\/vackerunderbar.se\/index.php?rest_route=%2Fwp%2Fv2%2Fcomments&post=16193"}],"version-history":[{"count":2,"href":"http:\/\/vackerunderbar.se\/index.php?rest_route=\/wp\/v2\/posts\/16193\/revisions"}],"predecessor-version":[{"id":16198,"href":"http:\/\/vackerunderbar.se\/index.php?rest_route=\/wp\/v2\/posts\/16193\/revisions\/16198"}],"wp:attachment":[{"href":"http:\/\/vackerunderbar.se\/index.php?rest_route=%2Fwp%2Fv2%2Fmedia&parent=16193"}],"wp:term":[{"taxonomy":"category","embeddable":true,"href":"http:\/\/vackerunderbar.se\/index.php?rest_route=%2Fwp%2Fv2%2Fcategories&post=16193"},{"taxonomy":"post_tag","embeddable":true,"href":"http:\/\/vackerunderbar.se\/index.php?rest_route=%2Fwp%2Fv2%2Ftags&post=16193"}],"curies":[{"name":"wp","href":"https:\/\/api.w.org\/{rel}","templated":true}]}}