{"id":1605,"date":"2008-10-21T17:27:27","date_gmt":"2008-10-21T15:27:27","guid":{"rendered":"http:\/\/www.vackerunderbar.se\/?p=1605"},"modified":"2014-05-31T18:23:20","modified_gmt":"2014-05-31T16:23:20","slug":"pret-ty-tema-ogonbryn","status":"publish","type":"post","link":"http:\/\/vackerunderbar.se\/?p=1605","title":{"rendered":"Pret-ty-tema: \u00d6gonbryn"},"content":{"rendered":"<p><a href=\"http:\/\/www.vackerunderbar.se\/wp-content\/uploads\/2008\/10\/lor-1110-1.jpg\"><img loading=\"lazy\" decoding=\"async\" class=\"size-thumbnail wp-image-1525 alignleft\" title=\"lor-1110-1\" src=\"http:\/\/www.vackerunderbar.se\/wp-content\/uploads\/2008\/10\/lor-1110-1-150x150.jpg\" alt=\"\" width=\"150\" height=\"150\" \/><\/a>Veckans Pret-ty-tema \u00e4r tydligen \u00f6gonbryn, tack vare Sminkan som ville veta mer om det.<\/p>\n<p>Jag har alltid varit v\u00e4ldigt fixerad vid mina \u00f6gonbryn. Sedan jag var 11-12 och uppt\u00e4ckte f\u00e5f\u00e4nga har jag suttit med spegel och pincett i soffan under en stark l\u00e4slampa och plockat bryn. Jag har beg\u00e5vats med m\u00f6rka, vildvuxna bryn som dels v\u00e4xer ihop (m\u00f6jligt att dom inte g\u00f6r det nu l\u00e4ngre) och ocks\u00e5 v\u00e4xer ner\u00e5t \u00f6gonlocken till. Vilket allts\u00e5 inneb\u00e4r att jag st\u00e4ndigt f\u00e5r h\u00e5lla efter dem.<\/p>\n<p style=\"text-align: left;\">Jag har haft tunna som streck, tjockare och buskiga samt mellanl\u00e4ge som jag har nu. Men jag har alltid haft en ganska bra b\u00e5ge och bra kvalit\u00e9 p\u00e5 brynen. Men det \u00e4r ett st\u00e4ndigt gissel att f\u00e5 bort de sm\u00e5 h\u00e5r som knappt syns f\u00f6r blotta \u00f6gat men som syns s\u00e5 v\u00e4l p\u00e5 bilderna jag tar. Dessutom \u00e4r dom lite oj\u00e4mna, mitt h\u00f6gra \u00f6gonbryn \u00e4r lite mer kurvat \u00e4n det v\u00e4nstra. Jag \u00e4r ocks\u00e5 v\u00e4ldigt bra p\u00e5 det h\u00e4r &#8221;h\u00f6ja \u00f6gonbrynet&#8221;-gesten, p\u00e5 just h\u00f6ger \u00f6gonbryn.<\/p>\n<p>Oftast fyller jag inte heller i mina bryn eller vaxar dom p\u00e5 n\u00e5t s\u00e4rskilt s\u00e4tt, ibland kanske jag borstar till dem. Egentligen borde jag l\u00e4gga lika mycket tid p\u00e5 att borsta dem som p\u00e5 allt annat &#8211; men orka&#8230; ;)<\/p>\n","protected":false},"excerpt":{"rendered":"<p>Veckans Pret-ty-tema \u00e4r tydligen \u00f6gonbryn, tack vare Sminkan som ville veta mer om det. Jag har alltid varit v\u00e4ldigt fixerad vid mina \u00f6gonbryn. Sedan jag &hellip; <\/p>\n","protected":false},"author":1,"featured_media":0,"comment_status":"open","ping_status":"open","sticky":false,"template":"","format":"standard","meta":{"footnotes":""},"categories":[448],"tags":[],"_links":{"self":[{"href":"http:\/\/vackerunderbar.se\/index.php?rest_route=\/wp\/v2\/posts\/1605"}],"collection":[{"href":"http:\/\/vackerunderbar.se\/index.php?rest_route=\/wp\/v2\/posts"}],"about":[{"href":"http:\/\/vackerunderbar.se\/index.php?rest_route=\/wp\/v2\/types\/post"}],"author":[{"embeddable":true,"href":"http:\/\/vackerunderbar.se\/index.php?rest_route=\/wp\/v2\/users\/1"}],"replies":[{"embeddable":true,"href":"http:\/\/vackerunderbar.se\/index.php?rest_route=%2Fwp%2Fv2%2Fcomments&post=1605"}],"version-history":[{"count":6,"href":"http:\/\/vackerunderbar.se\/index.php?rest_route=\/wp\/v2\/posts\/1605\/revisions"}],"predecessor-version":[{"id":9950,"href":"http:\/\/vackerunderbar.se\/index.php?rest_route=\/wp\/v2\/posts\/1605\/revisions\/9950"}],"wp:attachment":[{"href":"http:\/\/vackerunderbar.se\/index.php?rest_route=%2Fwp%2Fv2%2Fmedia&parent=1605"}],"wp:term":[{"taxonomy":"category","embeddable":true,"href":"http:\/\/vackerunderbar.se\/index.php?rest_route=%2Fwp%2Fv2%2Fcategories&post=1605"},{"taxonomy":"post_tag","embeddable":true,"href":"http:\/\/vackerunderbar.se\/index.php?rest_route=%2Fwp%2Fv2%2Ftags&post=1605"}],"curies":[{"name":"wp","href":"https:\/\/api.w.org\/{rel}","templated":true}]}}