{"id":1599,"date":"2008-10-20T23:08:08","date_gmt":"2008-10-20T21:08:08","guid":{"rendered":"http:\/\/www.vackerunderbar.se\/?p=1599"},"modified":"2014-06-03T18:19:38","modified_gmt":"2014-06-03T16:19:38","slug":"dagens-gront","status":"publish","type":"post","link":"http:\/\/vackerunderbar.se\/?p=1599","title":{"rendered":"Dagens: gr\u00f6nt"},"content":{"rendered":"<p style=\"text-align: center;\"><a href=\"http:\/\/www.vackerunderbar.se\/wp-content\/uploads\/2008\/10\/man-2010-3.jpg\"><img loading=\"lazy\" decoding=\"async\" class=\"size-full wp-image-1602 aligncenter\" title=\"man-2010-3\" src=\"http:\/\/www.vackerunderbar.se\/wp-content\/uploads\/2008\/10\/man-2010-3.jpg\" alt=\"\" width=\"500\" height=\"133\" \/><\/a><\/p>\n<p><a href=\"http:\/\/www.vackerunderbar.se\/wp-content\/uploads\/2008\/10\/man-2010-1.jpg\"><img loading=\"lazy\" decoding=\"async\" class=\"size-thumbnail wp-image-1600 alignleft\" title=\"man-2010-1\" src=\"http:\/\/www.vackerunderbar.se\/wp-content\/uploads\/2008\/10\/man-2010-1-150x150.jpg\" alt=\"\" width=\"90\" height=\"90\" \/><\/a>Idag k\u00e4nde jag f\u00f6r lite gr\u00f6na m\u00f6rka toner, s\u00e5 jag gr\u00e4vde lite bland mina \u00e4ldre Mac-pigment. Tre olika pigment \u00e4r detta, \u00e4ven om det nu inte syns.<\/p>\n<p>Grundade med svarta Black fr\u00e5n Face som vanligt. I den inre \u00f6gonvr\u00e5n tog jag sedan Golder\u00b4s Green. I den yttre \u00f6gonvr\u00e5n och under \u00f6gat blev det sen Golden Olive. F\u00f6r att sudda ut kanten upp\u00e5t mot \u00f6gonbrynet tog jag Pastorale. Svart kajal och svart mascara.<\/p>\n<p style=\"text-align: center;\"><a href=\"http:\/\/www.vackerunderbar.se\/wp-content\/uploads\/2008\/10\/man-2010-2.jpg\"><img loading=\"lazy\" decoding=\"async\" class=\"size-full wp-image-1601 aligncenter\" title=\"man-2010-2\" src=\"http:\/\/www.vackerunderbar.se\/wp-content\/uploads\/2008\/10\/man-2010-2.jpg\" alt=\"\" width=\"500\" height=\"146\" \/><\/a><a href=\"http:\/\/www.vackerunderbar.se\/wp-content\/uploads\/2008\/10\/man-2010-4.jpg\"><img loading=\"lazy\" decoding=\"async\" class=\"alignnone size-full wp-image-1603\" title=\"man-2010-4\" src=\"http:\/\/www.vackerunderbar.se\/wp-content\/uploads\/2008\/10\/man-2010-4.jpg\" alt=\"\" width=\"500\" height=\"132\" \/><\/a><\/p>\n","protected":false},"excerpt":{"rendered":"<p>Idag k\u00e4nde jag f\u00f6r lite gr\u00f6na m\u00f6rka toner, s\u00e5 jag gr\u00e4vde lite bland mina \u00e4ldre Mac-pigment. Tre olika pigment \u00e4r detta, \u00e4ven om det nu &hellip; <\/p>\n","protected":false},"author":1,"featured_media":0,"comment_status":"open","ping_status":"open","sticky":false,"template":"","format":"standard","meta":{"footnotes":""},"categories":[421],"tags":[505],"_links":{"self":[{"href":"http:\/\/vackerunderbar.se\/index.php?rest_route=\/wp\/v2\/posts\/1599"}],"collection":[{"href":"http:\/\/vackerunderbar.se\/index.php?rest_route=\/wp\/v2\/posts"}],"about":[{"href":"http:\/\/vackerunderbar.se\/index.php?rest_route=\/wp\/v2\/types\/post"}],"author":[{"embeddable":true,"href":"http:\/\/vackerunderbar.se\/index.php?rest_route=\/wp\/v2\/users\/1"}],"replies":[{"embeddable":true,"href":"http:\/\/vackerunderbar.se\/index.php?rest_route=%2Fwp%2Fv2%2Fcomments&post=1599"}],"version-history":[{"count":2,"href":"http:\/\/vackerunderbar.se\/index.php?rest_route=\/wp\/v2\/posts\/1599\/revisions"}],"predecessor-version":[{"id":58850,"href":"http:\/\/vackerunderbar.se\/index.php?rest_route=\/wp\/v2\/posts\/1599\/revisions\/58850"}],"wp:attachment":[{"href":"http:\/\/vackerunderbar.se\/index.php?rest_route=%2Fwp%2Fv2%2Fmedia&parent=1599"}],"wp:term":[{"taxonomy":"category","embeddable":true,"href":"http:\/\/vackerunderbar.se\/index.php?rest_route=%2Fwp%2Fv2%2Fcategories&post=1599"},{"taxonomy":"post_tag","embeddable":true,"href":"http:\/\/vackerunderbar.se\/index.php?rest_route=%2Fwp%2Fv2%2Ftags&post=1599"}],"curies":[{"name":"wp","href":"https:\/\/api.w.org\/{rel}","templated":true}]}}