{"id":15376,"date":"2011-01-30T19:26:43","date_gmt":"2011-01-30T18:26:43","guid":{"rendered":"http:\/\/www.vackerunderbar.se\/?p=15376"},"modified":"2014-06-03T17:49:24","modified_gmt":"2014-06-03T15:49:24","slug":"dagens-redone","status":"publish","type":"post","link":"http:\/\/vackerunderbar.se\/?p=15376","title":{"rendered":"Dagens: Redone"},"content":{"rendered":"<p><a href=\"http:\/\/www.vackerunderbar.se\/wp-content\/uploads\/2011\/01\/lor-2901-3.jpg\"><img loading=\"lazy\" decoding=\"async\" class=\"alignleft size-medium wp-image-15379\" title=\"lor-2901-3\" src=\"http:\/\/www.vackerunderbar.se\/wp-content\/uploads\/2011\/01\/lor-2901-3-177x250.jpg\" alt=\"\" width=\"155\" height=\"219\" \/><\/a>Detta \u00e4r d\u00e5 l\u00f6rdagens mejk. Vet inte tanken bakom skuggorna, tog mest det jag hade framf\u00f6r mig och k\u00e4nde f\u00f6r.<\/p>\n<p>Grundade med UDPP, d\u00e4refter tog jag den mattsvarta Black fr\u00e5n Face som \u00e4r min basskugga i min garderob av f\u00e4rg. Lade den i globlinjen och en bit p\u00e5 yttre \u00f6gonvr\u00e5n. D\u00e4refter en r\u00f6d skugga fr\u00e5n Viva La Diva, tror den heter Red bara. Denna p\u00e5 mitten av \u00f6gonlocken. I den inre \u00f6gonvr\u00e5n och upp i globlinjen den orangea Sunrise fr\u00e5n MUS.<\/p>\n<p>Som ni ser p\u00e5 helbilden \u00e4r den helt oj\u00e4mn, d\u00e4rf\u00f6r tog jag bara p\u00e5 ena \u00f6gat och inte b\u00e5da som vanligt.<\/p>\n<p style=\"text-align: center;\"><a href=\"http:\/\/www.vackerunderbar.se\/wp-content\/uploads\/2011\/01\/lor-2901-1.jpg\"><img loading=\"lazy\" decoding=\"async\" class=\"alignnone size-medium wp-image-15377\" title=\"lor-2901-1\" src=\"http:\/\/www.vackerunderbar.se\/wp-content\/uploads\/2011\/01\/lor-2901-1-250x147.jpg\" alt=\"\" width=\"250\" height=\"147\" \/><\/a><a href=\"http:\/\/www.vackerunderbar.se\/wp-content\/uploads\/2011\/01\/lor-2901-2.jpg\"><img loading=\"lazy\" decoding=\"async\" class=\"alignnone size-medium wp-image-15378\" title=\"lor-2901-2\" src=\"http:\/\/www.vackerunderbar.se\/wp-content\/uploads\/2011\/01\/lor-2901-2-250x158.jpg\" alt=\"\" width=\"235\" height=\"148\" \/><\/a><\/p>\n<p style=\"text-align: left;\">\n","protected":false},"excerpt":{"rendered":"<p>Detta \u00e4r d\u00e5 l\u00f6rdagens mejk. Vet inte tanken bakom skuggorna, tog mest det jag hade framf\u00f6r mig och k\u00e4nde f\u00f6r. Grundade med UDPP, d\u00e4refter tog &hellip; <\/p>\n","protected":false},"author":1,"featured_media":0,"comment_status":"open","ping_status":"open","sticky":false,"template":"","format":"standard","meta":{"footnotes":""},"categories":[421],"tags":[505],"_links":{"self":[{"href":"http:\/\/vackerunderbar.se\/index.php?rest_route=\/wp\/v2\/posts\/15376"}],"collection":[{"href":"http:\/\/vackerunderbar.se\/index.php?rest_route=\/wp\/v2\/posts"}],"about":[{"href":"http:\/\/vackerunderbar.se\/index.php?rest_route=\/wp\/v2\/types\/post"}],"author":[{"embeddable":true,"href":"http:\/\/vackerunderbar.se\/index.php?rest_route=\/wp\/v2\/users\/1"}],"replies":[{"embeddable":true,"href":"http:\/\/vackerunderbar.se\/index.php?rest_route=%2Fwp%2Fv2%2Fcomments&post=15376"}],"version-history":[{"count":5,"href":"http:\/\/vackerunderbar.se\/index.php?rest_route=\/wp\/v2\/posts\/15376\/revisions"}],"predecessor-version":[{"id":54686,"href":"http:\/\/vackerunderbar.se\/index.php?rest_route=\/wp\/v2\/posts\/15376\/revisions\/54686"}],"wp:attachment":[{"href":"http:\/\/vackerunderbar.se\/index.php?rest_route=%2Fwp%2Fv2%2Fmedia&parent=15376"}],"wp:term":[{"taxonomy":"category","embeddable":true,"href":"http:\/\/vackerunderbar.se\/index.php?rest_route=%2Fwp%2Fv2%2Fcategories&post=15376"},{"taxonomy":"post_tag","embeddable":true,"href":"http:\/\/vackerunderbar.se\/index.php?rest_route=%2Fwp%2Fv2%2Ftags&post=15376"}],"curies":[{"name":"wp","href":"https:\/\/api.w.org\/{rel}","templated":true}]}}