{"id":143,"date":"2008-01-04T16:26:46","date_gmt":"2008-01-04T15:26:46","guid":{"rendered":"http:\/\/vackerunderbar.se\/?p=143"},"modified":"2014-06-03T18:52:56","modified_gmt":"2014-06-03T16:52:56","slug":"dagens-guld-och-rosa","status":"publish","type":"post","link":"http:\/\/vackerunderbar.se\/?p=143","title":{"rendered":"Dagens: guld och rosa"},"content":{"rendered":"<p>Blev lite inspirerad av <a href=\"http:\/\/bjooti.net\/?p=2459\" target=\"_blank\">Clarins v\u00e5rkollektion<\/a>, s\u00e5 gjorde ett f\u00f6rs\u00f6k idag. Gick inte s\u00e5 bra&#8230;<\/p>\n<p>Dels \u00e4r jag visst lite f\u00f6r torr numera! Tidigare i vintras anv\u00e4nde jag Tistelolja som nattkr\u00e4m. Nu n\u00e4r jag f\u00e5tt Boots no 7 s\u00e5 har jag anv\u00e4nt den ist\u00e4llet och blivit torr p\u00e5 kuppen. Dessutom vill jag inte ta en hel n\u00e4ve kr\u00e4m f\u00f6r att riktigt sm\u00f6rja in mig s\u00e5 jag blir liksom aldrig ordentligt insmord. S\u00e5 n\u00e4r jag anv\u00e4nde min Anti-shine s\u00e5g jag riktigt hemsk ut! Jag vill inte vara torr!<\/p>\n<p>F\u00e5r ta och b\u00f6rja anv\u00e4nda tisteloljan igen p\u00e5 n\u00e4tterna och Boots som dagkr\u00e4m eller n\u00e5t. Den finns f\u00f6rresten p\u00e5 H&amp;M nu, om n\u00e5gon undrar. Iaf, jag fick tv\u00e4tta bort f\u00f6rsta omg\u00e5ngen smink. S\u00e5g f\u00f6r-ig ut rent ut sagt, hemsk! Andra f\u00f6rs\u00f6ker gick b\u00e4ttre men n\u00e4san \u00e4r verkligen torr och flagig! Usch, f\u00e5r bli skrubb och mask och olja ikv\u00e4ll!<\/p>\n<p style=\"text-align: center\"><img decoding=\"async\" src=\"http:\/\/vackerunderbar.se\/wp-content\/uploads\/2008\/01\/fre_0401_1.jpg\" alt=\"fre_0401_1.jpg\" \/><\/p>\n<p style=\"text-align: center\"><img decoding=\"async\" src=\"http:\/\/vackerunderbar.se\/wp-content\/uploads\/2008\/01\/fre_0401_2.jpg\" alt=\"fre_0401_2.jpg\" \/><\/p>\n<p>Anv\u00e4nde iaf Too Faced guldf\u00e4rg som finns i Full Frontal och en ljust rosa fr\u00e5n en annan Too Faced som heter I Know What Boys Want. Anv\u00e4nde den guldiga f\u00e4rgen p\u00e5 den r\u00f6rliga delen av \u00f6gonlocken och den rosa under \u00f6gat. Vit highlighter fr\u00e5n Face Stockholms Dignity. Tog \u00e4ven lite av den rosa skuggan ovanp\u00e5, i globlinjen ocks\u00e5. Undrar hur Sminkans version av detta skulle ha sett ut&#8230; N\u00e5t helt annat &#8211; mycket snyggare &#8211; tvekl\u00f6st!<\/p>\n","protected":false},"excerpt":{"rendered":"<p>Blev lite inspirerad av Clarins v\u00e5rkollektion, s\u00e5 gjorde ett f\u00f6rs\u00f6k idag. Gick inte s\u00e5 bra&#8230; Dels \u00e4r jag visst lite f\u00f6r torr numera! Tidigare i &hellip; <\/p>\n","protected":false},"author":1,"featured_media":0,"comment_status":"open","ping_status":"open","sticky":false,"template":"","format":"standard","meta":{"footnotes":""},"categories":[421],"tags":[505],"_links":{"self":[{"href":"http:\/\/vackerunderbar.se\/index.php?rest_route=\/wp\/v2\/posts\/143"}],"collection":[{"href":"http:\/\/vackerunderbar.se\/index.php?rest_route=\/wp\/v2\/posts"}],"about":[{"href":"http:\/\/vackerunderbar.se\/index.php?rest_route=\/wp\/v2\/types\/post"}],"author":[{"embeddable":true,"href":"http:\/\/vackerunderbar.se\/index.php?rest_route=\/wp\/v2\/users\/1"}],"replies":[{"embeddable":true,"href":"http:\/\/vackerunderbar.se\/index.php?rest_route=%2Fwp%2Fv2%2Fcomments&post=143"}],"version-history":[{"count":1,"href":"http:\/\/vackerunderbar.se\/index.php?rest_route=\/wp\/v2\/posts\/143\/revisions"}],"predecessor-version":[{"id":58265,"href":"http:\/\/vackerunderbar.se\/index.php?rest_route=\/wp\/v2\/posts\/143\/revisions\/58265"}],"wp:attachment":[{"href":"http:\/\/vackerunderbar.se\/index.php?rest_route=%2Fwp%2Fv2%2Fmedia&parent=143"}],"wp:term":[{"taxonomy":"category","embeddable":true,"href":"http:\/\/vackerunderbar.se\/index.php?rest_route=%2Fwp%2Fv2%2Fcategories&post=143"},{"taxonomy":"post_tag","embeddable":true,"href":"http:\/\/vackerunderbar.se\/index.php?rest_route=%2Fwp%2Fv2%2Ftags&post=143"}],"curies":[{"name":"wp","href":"https:\/\/api.w.org\/{rel}","templated":true}]}}