{"id":13935,"date":"2010-11-12T21:15:59","date_gmt":"2010-11-12T20:15:59","guid":{"rendered":"http:\/\/www.vackerunderbar.se\/?p=13935"},"modified":"2014-06-03T17:57:06","modified_gmt":"2014-06-03T15:57:06","slug":"dagens-flamenco-3","status":"publish","type":"post","link":"http:\/\/vackerunderbar.se\/?p=13935","title":{"rendered":"Dagens: Flamenco!"},"content":{"rendered":"<p><a href=\"http:\/\/www.vackerunderbar.se\/wp-content\/uploads\/2010\/11\/fre-1211-1.jpg\"><img loading=\"lazy\" decoding=\"async\" class=\"alignright size-medium wp-image-13936\" title=\"fre-1211-1\" src=\"http:\/\/www.vackerunderbar.se\/wp-content\/uploads\/2010\/11\/fre-1211-1-200x250.jpg\" alt=\"\" width=\"200\" height=\"250\" \/><\/a>Varf\u00f6r har jag lagt denna i en l\u00e5da och gl\u00f6mt bort den? Den \u00e4r ju s\u00e5\u00e5\u00e5\u00e5\u00e5 fantastiskt! Ja, skuggan allts\u00e5, Make Up Stores Flamenco. Lila med rosa glitter och ett djup som \u00e4r s\u00e5 otroligt vackert!<\/p>\n<p style=\"text-align: center;\"><a href=\"http:\/\/www.vackerunderbar.se\/wp-content\/uploads\/2010\/11\/fre-1211-5.jpg\"><img loading=\"lazy\" decoding=\"async\" class=\"alignnone size-thumbnail wp-image-13940\" title=\"fre-1211-5\" src=\"http:\/\/www.vackerunderbar.se\/wp-content\/uploads\/2010\/11\/fre-1211-5-150x150.jpg\" alt=\"\" width=\"150\" height=\"150\" \/><\/a><a href=\"http:\/\/www.vackerunderbar.se\/wp-content\/uploads\/2010\/11\/fre-1211-2.jpg\"><img loading=\"lazy\" decoding=\"async\" class=\"alignnone size-thumbnail wp-image-13937\" title=\"fre-1211-2\" src=\"http:\/\/www.vackerunderbar.se\/wp-content\/uploads\/2010\/11\/fre-1211-2-150x150.jpg\" alt=\"\" width=\"150\" height=\"150\" \/><\/a><\/p>\n<p>Grundade med UDPP, d\u00e4refter Flamenco (ser ni att jag f\u00e5tt den j\u00e4mnare denna g\u00e5ng, inte s\u00e5 sned?) upp till globlinjen. D\u00e4r f\u00f6rs\u00f6kte jag sudda den utan att f\u00f6rst\u00f6ra f\u00f6r mycket men skarpa kanter vill jag inte ha. Svart kajal och mascara fr\u00e5n Clinique.<\/p>\n<p>P\u00e5 l\u00e4pparna har jag rosa Vaseline som jag sedan lagt lite Flamenco p\u00e5. Syns dock d\u00e5ligt p\u00e5 bilden men det blev snyggt.<\/p>\n<p><a href=\"http:\/\/www.vackerunderbar.se\/wp-content\/uploads\/2010\/11\/fre-1211-3.jpg\"><img loading=\"lazy\" decoding=\"async\" class=\"aligncenter size-full wp-image-13938\" title=\"fre-1211-3\" src=\"http:\/\/www.vackerunderbar.se\/wp-content\/uploads\/2010\/11\/fre-1211-3.jpg\" alt=\"\" width=\"525\" height=\"135\" \/><\/a><a href=\"http:\/\/www.vackerunderbar.se\/wp-content\/uploads\/2010\/11\/fre-1211-4.jpg\"><img loading=\"lazy\" decoding=\"async\" class=\"aligncenter size-full wp-image-13939\" title=\"fre-1211-4\" src=\"http:\/\/www.vackerunderbar.se\/wp-content\/uploads\/2010\/11\/fre-1211-4.jpg\" alt=\"\" width=\"525\" height=\"112\" \/><\/a><\/p>\n","protected":false},"excerpt":{"rendered":"<p>Varf\u00f6r har jag lagt denna i en l\u00e5da och gl\u00f6mt bort den? Den \u00e4r ju s\u00e5\u00e5\u00e5\u00e5\u00e5 fantastiskt! Ja, skuggan allts\u00e5, Make Up Stores Flamenco. Lila &hellip; <\/p>\n","protected":false},"author":1,"featured_media":0,"comment_status":"open","ping_status":"open","sticky":false,"template":"","format":"standard","meta":{"footnotes":""},"categories":[421],"tags":[505],"_links":{"self":[{"href":"http:\/\/vackerunderbar.se\/index.php?rest_route=\/wp\/v2\/posts\/13935"}],"collection":[{"href":"http:\/\/vackerunderbar.se\/index.php?rest_route=\/wp\/v2\/posts"}],"about":[{"href":"http:\/\/vackerunderbar.se\/index.php?rest_route=\/wp\/v2\/types\/post"}],"author":[{"embeddable":true,"href":"http:\/\/vackerunderbar.se\/index.php?rest_route=\/wp\/v2\/users\/1"}],"replies":[{"embeddable":true,"href":"http:\/\/vackerunderbar.se\/index.php?rest_route=%2Fwp%2Fv2%2Fcomments&post=13935"}],"version-history":[{"count":4,"href":"http:\/\/vackerunderbar.se\/index.php?rest_route=\/wp\/v2\/posts\/13935\/revisions"}],"predecessor-version":[{"id":54783,"href":"http:\/\/vackerunderbar.se\/index.php?rest_route=\/wp\/v2\/posts\/13935\/revisions\/54783"}],"wp:attachment":[{"href":"http:\/\/vackerunderbar.se\/index.php?rest_route=%2Fwp%2Fv2%2Fmedia&parent=13935"}],"wp:term":[{"taxonomy":"category","embeddable":true,"href":"http:\/\/vackerunderbar.se\/index.php?rest_route=%2Fwp%2Fv2%2Fcategories&post=13935"},{"taxonomy":"post_tag","embeddable":true,"href":"http:\/\/vackerunderbar.se\/index.php?rest_route=%2Fwp%2Fv2%2Ftags&post=13935"}],"curies":[{"name":"wp","href":"https:\/\/api.w.org\/{rel}","templated":true}]}}