{"id":12019,"date":"2010-08-14T02:02:56","date_gmt":"2010-08-14T00:02:56","guid":{"rendered":"http:\/\/www.vackerunderbar.se\/?p=12019"},"modified":"2014-06-03T17:58:45","modified_gmt":"2014-06-03T15:58:45","slug":"dagens-flamenco-2","status":"publish","type":"post","link":"http:\/\/vackerunderbar.se\/?p=12019","title":{"rendered":"Dagens: Flamenco"},"content":{"rendered":"<p>Var en ganska stressig dag ig\u00e5r fredag. Eller kanske inte stressig, men vi hade fullt upp.<\/p>\n<p>Dagens b\u00f6rjade med att husets tomtar fick f\u00f6r sig att de skulle g\u00e5 upp halv 9. Tjena liksom, jag \u00e4r mer eller mindre medvetsl\u00f6s efter en dag med Ekol\u00e5dan. Men efter att jag f\u00e5tt morna mig en stund \u00e5t vi frukost tillsammans och tog det lugnt. D\u00e4refter satte jag ig\u00e5ng att montera min Helmer medan Nadine sprang omkring och visade upp sina\/mina My Little Ponys. RIKTIGA My Little Ponys fr\u00e5n 80-talet, fulla med giftiga kemikalier osv.<\/p>\n<p><a href=\"http:\/\/www.vackerunderbar.se\/wp-content\/uploads\/2010\/08\/fre-1408-0.jpg\"><img loading=\"lazy\" decoding=\"async\" class=\"aligncenter size-full wp-image-12024\" title=\"fre-1408-0\" src=\"http:\/\/www.vackerunderbar.se\/wp-content\/uploads\/2010\/08\/fre-1408-0.jpg\" alt=\"\" width=\"416\" height=\"592\" \/><\/a><\/p>\n<p>Efter Helmer-monteringen, \u00e5ter igen efter en heroisk insats av Anders, rullade jag in b\u00e5da tv\u00e5 i sovrummet. Nu \u00e5terst\u00e5r bara att st\u00e4da sminkbordet och sortera in s\u00e5nt som inte beh\u00f6ver st\u00e5 framme i den ena Helmern. Trevligt =)<\/p>\n<p>N\u00e5, d\u00e4refter vattnade och duschade jag lite krukv\u00e4xter och sedan mig sj\u00e4lv. Dags f\u00f6r en tur p\u00e5 stan och &#8221;Babbloteket&#8221;. Barnavdelningen n\u00e4sta! Vi hann \u00e4ven med ett bes\u00f6k p\u00e5 Telenor s\u00e5 Anders \u00e4ntligen kunde byta ut sin sk SmartPhone fr\u00e5n Nokia som numera endast g\u00e5r att ringa med&#8230; HTC Desire blev det, ska se om jag kan anv\u00e4nda den sedan eller om jag f\u00e5r leta vidare efter min n\u00e4sta lur. Mina krav \u00e4r endast tv\u00e5, stor sk\u00e4rm och tryckk\u00e4nslig (inte v\u00e4rmek\u00e4nslig som iPhone). Verkar om\u00f6jligt att finna numera.<\/p>\n<p>Efter Biblioteket tog vi bussen till Hageby f\u00f6r att h\u00e4mta ut Bellas nycklar. T\u00e4nk om n\u00e5gon hade sagt att det var gamla V\u00e4gverkets lokaler ist\u00e4llet f\u00f6r att ge mig en adress, d\u00e5 hade vi sluppit springa omkring i superhettan Allan och leta! N\u00e5ja, det slutade lyckligt och vi firade med en sen lunch p\u00e5 4-K\u00f6k. Rej\u00e4l och god husman!<\/p>\n<p><a href=\"http:\/\/www.vackerunderbar.se\/wp-content\/uploads\/2010\/08\/fre-1408-1.jpg\"><img loading=\"lazy\" decoding=\"async\" class=\"aligncenter size-full wp-image-12020\" title=\"fre-1408-1\" src=\"http:\/\/www.vackerunderbar.se\/wp-content\/uploads\/2010\/08\/fre-1408-1.jpg\" alt=\"\" width=\"415\" height=\"622\" \/><\/a><\/p>\n<p>D\u00e4refter en buss direkt hem, via Posten och rakt ner i s\u00e4ngen. Tr\u00f6tt, ja. Klockan 20 \u00e5kte vi tillbaka till Hageby, \u00f6ppnade alla f\u00f6nster i Bellas l\u00e4genhet och tog emot dem vid halv eller s\u00e5.<\/p>\n<p>Men ok, sminket d\u00e5 s\u00e4ger ni? Ja, bas av Mac, Studio Fix Foundation och Mineralize puder. \u00c4ven rouget \u00e4r fr\u00e5n Mac. Grundade \u00f6gonlocken med Too Faced Shadow Insurence och tog sedan en svart glitterskugga fr\u00e5n en H&amp;M palett i ytterkanterna. L\u00e4pparna har ett r\u00f6tt stain och det r\u00f6da blomsterdiademet \u00e4r egentligen Nadines. Men hon tyckte jag skulle ha det idag och visst var jag s\u00f6t i det?<\/p>\n<p><a href=\"http:\/\/www.vackerunderbar.se\/wp-content\/uploads\/2010\/08\/fre-1408-4.jpg\"><img loading=\"lazy\" decoding=\"async\" class=\"aligncenter size-full wp-image-12023\" title=\"fre-1408-4\" src=\"http:\/\/www.vackerunderbar.se\/wp-content\/uploads\/2010\/08\/fre-1408-4.jpg\" alt=\"\" width=\"525\" height=\"128\" \/><\/a><a href=\"http:\/\/www.vackerunderbar.se\/wp-content\/uploads\/2010\/08\/fre-1408-3.jpg\"><img loading=\"lazy\" decoding=\"async\" class=\"aligncenter size-full wp-image-12022\" title=\"fre-1408-3\" src=\"http:\/\/www.vackerunderbar.se\/wp-content\/uploads\/2010\/08\/fre-1408-3.jpg\" alt=\"\" width=\"525\" height=\"137\" \/><\/a><a href=\"http:\/\/www.vackerunderbar.se\/wp-content\/uploads\/2010\/08\/fre-1408-4.jpg\"><img loading=\"lazy\" decoding=\"async\" class=\"aligncenter size-full wp-image-12023\" title=\"fre-1408-4\" src=\"http:\/\/www.vackerunderbar.se\/wp-content\/uploads\/2010\/08\/fre-1408-4.jpg\" alt=\"\" width=\"525\" height=\"128\" \/><\/a><\/p>\n<p>Nu ska jag nog l\u00e4gga mig tror jag. Tack f\u00f6r att du l\u00e4ste!<\/p>\n","protected":false},"excerpt":{"rendered":"<p>Var en ganska stressig dag ig\u00e5r fredag. Eller kanske inte stressig, men vi hade fullt upp. Dagens b\u00f6rjade med att husets tomtar fick f\u00f6r sig &hellip; <\/p>\n","protected":false},"author":1,"featured_media":0,"comment_status":"open","ping_status":"open","sticky":false,"template":"","format":"standard","meta":{"footnotes":""},"categories":[421],"tags":[505],"_links":{"self":[{"href":"http:\/\/vackerunderbar.se\/index.php?rest_route=\/wp\/v2\/posts\/12019"}],"collection":[{"href":"http:\/\/vackerunderbar.se\/index.php?rest_route=\/wp\/v2\/posts"}],"about":[{"href":"http:\/\/vackerunderbar.se\/index.php?rest_route=\/wp\/v2\/types\/post"}],"author":[{"embeddable":true,"href":"http:\/\/vackerunderbar.se\/index.php?rest_route=\/wp\/v2\/users\/1"}],"replies":[{"embeddable":true,"href":"http:\/\/vackerunderbar.se\/index.php?rest_route=%2Fwp%2Fv2%2Fcomments&post=12019"}],"version-history":[{"count":3,"href":"http:\/\/vackerunderbar.se\/index.php?rest_route=\/wp\/v2\/posts\/12019\/revisions"}],"predecessor-version":[{"id":54851,"href":"http:\/\/vackerunderbar.se\/index.php?rest_route=\/wp\/v2\/posts\/12019\/revisions\/54851"}],"wp:attachment":[{"href":"http:\/\/vackerunderbar.se\/index.php?rest_route=%2Fwp%2Fv2%2Fmedia&parent=12019"}],"wp:term":[{"taxonomy":"category","embeddable":true,"href":"http:\/\/vackerunderbar.se\/index.php?rest_route=%2Fwp%2Fv2%2Fcategories&post=12019"},{"taxonomy":"post_tag","embeddable":true,"href":"http:\/\/vackerunderbar.se\/index.php?rest_route=%2Fwp%2Fv2%2Ftags&post=12019"}],"curies":[{"name":"wp","href":"https:\/\/api.w.org\/{rel}","templated":true}]}}