{"id":10882,"date":"2010-06-21T00:02:52","date_gmt":"2010-06-20T22:02:52","guid":{"rendered":"http:\/\/www.vackerunderbar.se\/?p=10882"},"modified":"2014-05-30T21:33:08","modified_gmt":"2014-05-30T19:33:08","slug":"klanningfrossa","status":"publish","type":"post","link":"http:\/\/vackerunderbar.se\/?p=10882","title":{"rendered":"Kl\u00e4nningfrossa"},"content":{"rendered":"<p>Vad s\u00e4ger ni, ska vi frossa i lite kl\u00e4nningar?<\/p>\n<figure style=\"width: 270px\" class=\"wp-caption aligncenter\"><a href=\"http:\/\/gfx.aftonbladet-cdn.se\/multimedia\/dynamic\/01220\/elena_jpg_1220326k.jpg\"><img loading=\"lazy\" decoding=\"async\" src=\"http:\/\/gfx.aftonbladet-cdn.se\/multimedia\/dynamic\/01220\/elena_jpg_1220326k.jpg\" alt=\"\" width=\"270\" height=\"600\" \/><\/a><figcaption class=\"wp-caption-text\">Prinsessan Elena av Spanien. Underbar Bolerojacka, men hon var inte s\u00e5 vacker...<\/figcaption><\/figure>\n<figure style=\"width: 412px\" class=\"wp-caption aligncenter\"><a href=\"http:\/\/gfx.aftonbladet-cdn.se\/multimedia\/dynamic\/01220\/20s26-atta-947_jpg_1220323u.jpg\"><img loading=\"lazy\" decoding=\"async\" src=\"http:\/\/gfx.aftonbladet-cdn.se\/multimedia\/dynamic\/01220\/20s26-atta-947_jpg_1220323u.jpg\" alt=\"\" width=\"412\" height=\"618\" \/><\/a><figcaption class=\"wp-caption-text\">Drottning Margrethe av Danmark. Gillar verkligen f\u00e4rgen, p\u00e5minner om Barielles Polished Princess, haha!<\/figcaption><\/figure>\n<figure style=\"width: 382px\" class=\"wp-caption aligncenter\"><a href=\"http:\/\/gfx.aftonbladet-cdn.se\/multimedia\/dynamic\/01220\/20s28-anna_westlin_1220336k.jpg\"><img loading=\"lazy\" decoding=\"async\" src=\"http:\/\/gfx.aftonbladet-cdn.se\/multimedia\/dynamic\/01220\/20s28-anna_westlin_1220336k.jpg\" alt=\"\" width=\"382\" height=\"600\" \/><\/a><figcaption class=\"wp-caption-text\">Anna Westling Blom Daniels syster. Ser ut som fiskfj\u00e4ll, l\u00e4ckert och underbar nyans av rosa.<\/figcaption><\/figure>\n<figure style=\"width: 412px\" class=\"wp-caption aligncenter\"><a href=\"http:\/\/gfx.aftonbladet-cdn.se\/multimedia\/dynamic\/01219\/19VICTORIA-GUSMAR-_1219392u.jpg\"><img loading=\"lazy\" decoding=\"async\" src=\"http:\/\/gfx.aftonbladet-cdn.se\/multimedia\/dynamic\/01219\/19VICTORIA-GUSMAR-_1219392u.jpg\" alt=\"\" width=\"412\" height=\"618\" \/><\/a><figcaption class=\"wp-caption-text\">H\u00e4r ser ni inte hela Victorias kl\u00e4nning, men jag t\u00e4nkte att det vore kul att se hennes ansikte i n\u00e4rbild. Jag gillar att hon var s\u00e5 ren och vacker! Lade ni m\u00e4rke till att hennes n\u00e4sa blev lite blank senare p\u00e5 kv\u00e4llen? Undrar om hon hade bloatingpapper eller puder i handv\u00e4skan... Kl\u00e4nningen \u00e4r lite f\u00f6r enkel f\u00f6r min smak, men \u00e4nd\u00e5 v\u00e4ldigt vacker i sammanhanget.<\/figcaption><\/figure>\n<figure style=\"width: 420px\" class=\"wp-caption aligncenter\"><a href=\"http:\/\/cdn1.expressen.se\/polopoly\/bilder\/2010\/06\/19\/1.2033208TS1276959368913_slot100slotWide75ArticleFull.jpg\"><img loading=\"lazy\" decoding=\"async\" src=\"http:\/\/cdn1.expressen.se\/polopoly\/bilder\/2010\/06\/19\/1.2033208TS1276959368913_slot100slotWide75ArticleFull.jpg\" alt=\"\" width=\"420\" height=\"466\" \/><\/a><figcaption class=\"wp-caption-text\">Prinsessan Madeline och Drottning Silvia. M\u00e5h\u00e4nda att volanger inte \u00e4r s\u00e5 himla kul alltid, men i ett s\u00e5nt h\u00e4r sammanhang funkar det j\u00e4ttebra. Silvias kl\u00e4nning \u00e4r r\u00e4tt ok, men lite mesig i f\u00e4rgen. Men som n\u00e5gon modeexpert skrev, hon ville ju inte \u00f6vergl\u00e4nsa Victoria.<\/figcaption><\/figure>\n<p>N\u00e5, det var v\u00e4l mina favoriter tror jag&#8230;<\/p>\n<figure id=\"attachment_10884\" aria-describedby=\"caption-attachment-10884\" style=\"width: 239px\" class=\"wp-caption aligncenter\"><a href=\"http:\/\/www.vackerunderbar.se\/wp-content\/uploads\/2010\/06\/gunilla.jpg\"><img loading=\"lazy\" decoding=\"async\" class=\"size-full wp-image-10884 \" title=\"gunilla\" src=\"http:\/\/www.vackerunderbar.se\/wp-content\/uploads\/2010\/06\/gunilla.jpg\" alt=\"\" width=\"239\" height=\"500\" \/><\/a><figcaption id=\"caption-attachment-10884\" class=\"wp-caption-text\">Nej, den jag gillade b\u00e4st var DNs chefredakt\u00f6r Gunilla Herlitz. Dock hittar jag ingen bra onlinebild p\u00e5 den, utan bara denna jag fotade av fr\u00e5n fr\u00e5n DNs br\u00f6llopsbilaga. Jag \u00e4lskar r\u00f6tt och turkost i kombination!<\/figcaption><\/figure>\n<p style=\"text-align: center;\">\n","protected":false},"excerpt":{"rendered":"<p>Vad s\u00e4ger ni, ska vi frossa i lite kl\u00e4nningar? N\u00e5, det var v\u00e4l mina favoriter tror jag&#8230;<\/p>\n","protected":false},"author":1,"featured_media":0,"comment_status":"open","ping_status":"open","sticky":false,"template":"","format":"standard","meta":{"footnotes":""},"categories":[448],"tags":[],"_links":{"self":[{"href":"http:\/\/vackerunderbar.se\/index.php?rest_route=\/wp\/v2\/posts\/10882"}],"collection":[{"href":"http:\/\/vackerunderbar.se\/index.php?rest_route=\/wp\/v2\/posts"}],"about":[{"href":"http:\/\/vackerunderbar.se\/index.php?rest_route=\/wp\/v2\/types\/post"}],"author":[{"embeddable":true,"href":"http:\/\/vackerunderbar.se\/index.php?rest_route=\/wp\/v2\/users\/1"}],"replies":[{"embeddable":true,"href":"http:\/\/vackerunderbar.se\/index.php?rest_route=%2Fwp%2Fv2%2Fcomments&post=10882"}],"version-history":[{"count":4,"href":"http:\/\/vackerunderbar.se\/index.php?rest_route=\/wp\/v2\/posts\/10882\/revisions"}],"predecessor-version":[{"id":10887,"href":"http:\/\/vackerunderbar.se\/index.php?rest_route=\/wp\/v2\/posts\/10882\/revisions\/10887"}],"wp:attachment":[{"href":"http:\/\/vackerunderbar.se\/index.php?rest_route=%2Fwp%2Fv2%2Fmedia&parent=10882"}],"wp:term":[{"taxonomy":"category","embeddable":true,"href":"http:\/\/vackerunderbar.se\/index.php?rest_route=%2Fwp%2Fv2%2Fcategories&post=10882"},{"taxonomy":"post_tag","embeddable":true,"href":"http:\/\/vackerunderbar.se\/index.php?rest_route=%2Fwp%2Fv2%2Ftags&post=10882"}],"curies":[{"name":"wp","href":"https:\/\/api.w.org\/{rel}","templated":true}]}}